{"id":1411,"date":"2017-04-06T07:30:34","date_gmt":"2017-04-06T07:30:34","guid":{"rendered":"http:\/\/www.nebrija.com\/medios\/nebrijaglobalcampus\/?p=1411"},"modified":"2017-04-06T07:30:34","modified_gmt":"2017-04-06T07:30:34","slug":"a-mi-me-gusta-mas-el-papel","status":"publish","type":"post","link":"https:\/\/www.nebrija.com\/medios\/nebrijaglobalcampus\/2017\/04\/06\/a-mi-me-gusta-mas-el-papel\/","title":{"rendered":"A m\u00ed me gusta m\u00e1s el papel\u2026"},"content":{"rendered":"<p>S\u00ed, no te lo voy a discutir, y a m\u00ed. Los sentidos en contacto con el papel, ese tacto que nos muestra sus texturas, ese olor, \u00a1Dios, qu\u00e9 gusto abrir un libro y meter la nariz en \u00e9l\u2026! Se podr\u00edan aplicar tantos adjetivos como en una cata de vinos.<\/p>\n<p>Pero tenemos que rendirnos a la evidencia. La manera de ense\u00f1ar y de aprender ha cambiado ofreciendo muchas m\u00e1s posibilidades y, por tanto, ofreciendo otros soportes para complementarla. Y as\u00ed surge el <strong>libro electr\u00f3nico<\/strong>. El fr\u00edo libro electr\u00f3nico que no se toca, no se huele, pero que ayuda igualmente en nuestro proceso de aprendizaje y al que deber\u00edamos dar la oportunidad de intentar un nuevo modo de leer, de subrayar y de tomar notas, acciones que ya practic\u00e1bamos con el papel y que podemos emular con el electr\u00f3nico.<\/p>\n<p>Podemos empezar nuestro entrenamiento con algo ligero: nuestro ocio y los <strong>dispositivos e-Reader<\/strong>, ese aparatito que nos permite tener un mont\u00f3n de novelas, ensayos, apuntes y que nos acompa\u00f1a en nuestros trayectos de transporte p\u00fablico. Esa novela que devor\u00e1bamos pero que a veces ten\u00eda tantas p\u00e1ginas que no nos cab\u00eda en el bolso y si cab\u00eda, \u00e9ste pesaba much\u00edsimo, as\u00ed que el e-Reader nos ha aliviado un futuro problema de espalda, espacio en la maleta de vacaciones y as\u00ed llevar un par m\u00e1s de sandalias, que nunca vienen mal y, para los que tenemos una casa peque\u00f1a, pensar y pensar d\u00f3nde pod\u00edamos colocar otra estanter\u00eda\u2026 Tenemos en la Biblioteca cinco dispositivos cargados con <a href=\"https:\/\/biblioteca.nebrija.es\/cgi-bin\/opac?ACC=258&amp;DI=274\" target=\"_blank\"><strong>novelas y ensayos de todos los g\u00e9neros<\/strong><\/a> (terror, policiacas, suspense, rom\u00e1nticas, etc.), todo dispuesto para que hagas tus pinitos.&nbsp;<\/p>\n<p>Pero si ya no nos podemos sustraer de la necesidad de Internet y sus fuentes de informaci\u00f3n para muchas de las tareas de nuestra vida diaria (organizar nuestras vacaciones, comprar billetes de avi\u00f3n, saber cu\u00e1nto tarda el autob\u00fas, hacer la compra, etc.), no va ser menos que lo necesitemos en nuestra formaci\u00f3n universitaria que nos prepara en nuestro futuro profesional. As\u00ed que s\u00ed, vamos a tener que acostumbrarnos al libro e- y ser\u00e1 el sentido de la vista el que nos haga querer m\u00e1s o menos las diferentes plataformas que los soportan.<\/p>\n<p>Ya os hablamos de libros e- en un <a href=\"https:\/\/www.nebrija.com\/medios\/nebrijaglobalcampus\/2016\/03\/10\/bibliografias-seleccionadas-y-libros-electronicos\/\" target=\"_blank\"><strong>post<\/strong> <\/a>de marzo del a\u00f1o pasado pero hoy os quiero hablar de una nueva plataforma que se ha puesto en funcionamiento este a\u00f1o llamada <strong><a href=\"http:\/\/biblioteca.nebrija.es\/cgi-bin\/opac?HELPID=unne0043\" target=\"_blank\">E-Libro<\/a>, <\/strong>m\u00e1s de ochenta mil documentos en espa\u00f1ol a nuestro alcance con una cobertura multidisciplinaria muy tentadora y que comprende libros, art\u00edculos de revistas, tesis, etc., es compatible con cualquier navegador y nos permite la lectura <em>online<\/em> y la descarga temporal de muchos documentos.<\/p>\n<p>Hagamos una simple b\u00fasqueda por materias y pongamos \u2018psicolog\u00eda\u2019 en la caja de b\u00fasqueda. Nos devuelve m\u00e1s de dos mil quinientos documentos y nos despliega una serie de \u2018submaterias\u2019 para que refinemos dicha b\u00fasqueda: <em>historia, ensayos, psicolog\u00eda cognitiva, psicolog\u00eda social, psicolog\u00eda evolutiva<\/em>\u2026<\/p>\n<p>Cuando hayamos centrado nuestra b\u00fasqueda y encontremos un t\u00edtulo que nos despierte inter\u00e9s no hay m\u00e1s que hacer <em>clic<\/em> en el t\u00edtulo y nos despliega la informaci\u00f3n adicional del libro as\u00ed como los botones para leer en l\u00ednea o descargar a un dispositivo personal (ordenador, e-Reader, usb, etc.).<\/p>\n<p>&nbsp;<\/p>\n<p><a href=\"https:\/\/www.nebrija.com\/medios\/nebrijaglobalcampus\/wp-content\/uploads\/sites\/31\/2017\/04\/Imagen-post-Olga.jpg\"><img loading=\"lazy\" decoding=\"async\" class=\"size-full wp-image-1412 aligncenter\" src=\"https:\/\/www.nebrija.com\/medios\/nebrijaglobalcampus\/wp-content\/uploads\/sites\/31\/2017\/04\/Imagen-post-Olga.jpg\" alt=\"\" width=\"667\" height=\"518\" srcset=\"https:\/\/www.nebrija.com\/medios\/nebrijaglobalcampus\/wp-content\/uploads\/sites\/31\/2017\/04\/Imagen-post-Olga.jpg 667w, https:\/\/www.nebrija.com\/medios\/nebrijaglobalcampus\/wp-content\/uploads\/sites\/31\/2017\/04\/Imagen-post-Olga-300x233.jpg 300w\" sizes=\"(max-width: 667px) 100vw, 667px\" \/><\/a><\/p>\n<p style=\"text-align: center\"><strong>Imagen:<\/strong> Captura de pantalla de E-Libro. <strong>Fuente:<\/strong> Biblioteca.<\/p>\n<p>&nbsp;<\/p>\n<p>La descarga, mediante Adobe Digital Editions (quien compre libros para su e-Reader que no sea Kindle, estar\u00e1 familiarizado con este programa) ser\u00e1 temporal y nos permitir\u00e1 tener el libro en nuestro ordenador durante catorce d\u00edas. Pasado este tiempo, el enlace deja de estar operativo, pero si no hemos terminado, podemos realizar otra descarga. Tambi\u00e9n nos da la informaci\u00f3n sobre la posibilidad o no de poder imprimir y\/o copiar un n\u00famero de p\u00e1ginas y que variar\u00e1 de un editor a otro y de un t\u00edtulo a otro.<\/p>\n<p>Para algunos de estos servicios es imprescindible que nos abramos nuestra <em>cuenta personal<\/em> donde, adem\u00e1s, podremos descargar un rango, cap\u00edtulo o p\u00e1gina como PDF, descargar un libro entero usando Adobe Digital Editions, guardar en mi estanter\u00eda personal los enlaces de libros interesantes, escribir y guardar notas en los libros, crear carpetas y compartirlas por correo electr\u00f3nico, etc.<\/p>\n<p>Y no olvid\u00e9is que los libros electr\u00f3nicos de esta plataforma tambi\u00e9n est\u00e1n disponibles desde nuestro nuevo descubridor <a href=\"https:\/\/www.nebrija.com\/medios\/nebrijaglobalcampus\/2016\/11\/03\/odysseus-un-buscador-unico-para-seguir-la-ruta-correcta\/\" target=\"_blank\"><strong>Odysseus<\/strong> <\/a>del que ya os hablamos en noviembre.<\/p>\n<p>As\u00ed que \u00a1\u00e1nimo y atreveros a probar!, porque tenemos mucha informaci\u00f3n, y de buena calidad, a nuestro alcance.<\/p>\n<p>&nbsp;<\/p>\n<p><em><strong>Olga \u00c1lvarez \u00c1lvarez<\/strong><\/em><\/p>\n<p><em><strong>Servicio de Biblioteca<\/strong><\/em><\/p>\n","protected":false},"excerpt":{"rendered":"<p>S\u00ed, no te lo voy a discutir, y a m\u00ed. Los sentidos en contacto con el papel, ese tacto que nos muestra sus texturas, ese olor, \u00a1Dios, qu\u00e9 gusto abrir un libro y meter la nariz en \u00e9l\u2026! Se podr\u00edan aplicar tantos adjetivos como en una cata de vinos. Pero tenemos que rendirnos a la [&hellip;]<\/p>\n","protected":false},"author":97,"featured_media":1418,"comment_status":"open","ping_status":"open","sticky":false,"template":"","format":"standard","meta":{"_monsterinsights_skip_tracking":false,"_monsterinsights_sitenote_active":false,"_monsterinsights_sitenote_note":"","_monsterinsights_sitenote_category":0,"footnotes":""},"categories":[71,9],"tags":[81,697,694,693,93,692,695,696],"acf":[],"yoast_head":"<!-- This site is optimized with the Yoast SEO plugin v22.1 - https:\/\/yoast.com\/wordpress\/plugins\/seo\/ -->\n<title>A m\u00ed me gusta m\u00e1s el papel\u2026 - Global Campus Nebrija<\/title>\n<meta name=\"robots\" content=\"index, follow, max-snippet:-1, max-image-preview:large, max-video-preview:-1\" \/>\n<link rel=\"canonical\" href=\"https:\/\/www.nebrija.com\/medios\/nebrijaglobalcampus\/2017\/04\/06\/a-mi-me-gusta-mas-el-papel\/\" \/>\n<meta property=\"og:locale\" content=\"es_ES\" \/>\n<meta property=\"og:type\" content=\"article\" \/>\n<meta property=\"og:title\" content=\"A m\u00ed me gusta m\u00e1s el papel\u2026 - Global Campus Nebrija\" \/>\n<meta property=\"og:description\" content=\"S\u00ed, no te lo voy a discutir, y a m\u00ed. Los sentidos en contacto con el papel, ese tacto que nos muestra sus texturas, ese olor, \u00a1Dios, qu\u00e9 gusto abrir un libro y meter la nariz en \u00e9l\u2026! Se podr\u00edan aplicar tantos adjetivos como en una cata de vinos. Pero tenemos que rendirnos a la [&hellip;]\" \/>\n<meta property=\"og:url\" content=\"https:\/\/www.nebrija.com\/medios\/nebrijaglobalcampus\/2017\/04\/06\/a-mi-me-gusta-mas-el-papel\/\" \/>\n<meta property=\"og:site_name\" content=\"Global Campus Nebrija\" \/>\n<meta property=\"article:published_time\" content=\"2017-04-06T07:30:34+00:00\" \/>\n<meta property=\"og:image\" content=\"https:\/\/www.nebrija.com\/medios\/nebrijaglobalcampus\/wp-content\/uploads\/sites\/31\/2017\/04\/shutterstock_221428027b-1024x683.jpg\" \/>\n\t<meta property=\"og:image:width\" content=\"1024\" \/>\n\t<meta property=\"og:image:height\" content=\"683\" \/>\n\t<meta property=\"og:image:type\" content=\"image\/jpeg\" \/>\n<meta name=\"author\" content=\"mgarcisa\" \/>\n<meta name=\"twitter:card\" content=\"summary_large_image\" \/>\n<meta name=\"twitter:label1\" content=\"Escrito por\" \/>\n\t<meta name=\"twitter:data1\" content=\"mgarcisa\" \/>\n\t<meta name=\"twitter:label2\" content=\"Tiempo de lectura\" \/>\n\t<meta name=\"twitter:data2\" content=\"4 minutos\" \/>\n<script type=\"application\/ld+json\" class=\"yoast-schema-graph\">{\"@context\":\"https:\/\/schema.org\",\"@graph\":[{\"@type\":\"WebPage\",\"@id\":\"https:\/\/www.nebrija.com\/medios\/nebrijaglobalcampus\/2017\/04\/06\/a-mi-me-gusta-mas-el-papel\/\",\"url\":\"https:\/\/www.nebrija.com\/medios\/nebrijaglobalcampus\/2017\/04\/06\/a-mi-me-gusta-mas-el-papel\/\",\"name\":\"A m\u00ed me gusta m\u00e1s el papel\u2026 - Global Campus Nebrija\",\"isPartOf\":{\"@id\":\"https:\/\/www.nebrija.com\/medios\/nebrijaglobalcampus\/#website\"},\"datePublished\":\"2017-04-06T07:30:34+00:00\",\"dateModified\":\"2017-04-06T07:30:34+00:00\",\"author\":{\"@id\":\"https:\/\/www.nebrija.com\/medios\/nebrijaglobalcampus\/#\/schema\/person\/0fa46cb03c7e07b210c31383337aa6ee\"},\"breadcrumb\":{\"@id\":\"https:\/\/www.nebrija.com\/medios\/nebrijaglobalcampus\/2017\/04\/06\/a-mi-me-gusta-mas-el-papel\/#breadcrumb\"},\"inLanguage\":\"es\",\"potentialAction\":[{\"@type\":\"ReadAction\",\"target\":[\"https:\/\/www.nebrija.com\/medios\/nebrijaglobalcampus\/2017\/04\/06\/a-mi-me-gusta-mas-el-papel\/\"]}]},{\"@type\":\"BreadcrumbList\",\"@id\":\"https:\/\/www.nebrija.com\/medios\/nebrijaglobalcampus\/2017\/04\/06\/a-mi-me-gusta-mas-el-papel\/#breadcrumb\",\"itemListElement\":[{\"@type\":\"ListItem\",\"position\":1,\"name\":\"Home\",\"item\":\"https:\/\/www.nebrija.com\/medios\/nebrijaglobalcampus\/\"},{\"@type\":\"ListItem\",\"position\":2,\"name\":\"A m\u00ed me gusta m\u00e1s el papel\u2026\"}]},{\"@type\":\"WebSite\",\"@id\":\"https:\/\/www.nebrija.com\/medios\/nebrijaglobalcampus\/#website\",\"url\":\"https:\/\/www.nebrija.com\/medios\/nebrijaglobalcampus\/\",\"name\":\"Global Campus Nebrija\",\"description\":\"Profesionales capaces de hacer que merezca la pena\",\"potentialAction\":[{\"@type\":\"SearchAction\",\"target\":{\"@type\":\"EntryPoint\",\"urlTemplate\":\"https:\/\/www.nebrija.com\/medios\/nebrijaglobalcampus\/?s={search_term_string}\"},\"query-input\":\"required name=search_term_string\"}],\"inLanguage\":\"es\"},{\"@type\":\"Person\",\"@id\":\"https:\/\/www.nebrija.com\/medios\/nebrijaglobalcampus\/#\/schema\/person\/0fa46cb03c7e07b210c31383337aa6ee\",\"name\":\"mgarcisa\",\"image\":{\"@type\":\"ImageObject\",\"inLanguage\":\"es\",\"@id\":\"https:\/\/www.nebrija.com\/medios\/nebrijaglobalcampus\/#\/schema\/person\/image\/\",\"url\":\"https:\/\/secure.gravatar.com\/avatar\/03c5100e64e7f8981aa1450029b9aae2?s=96&d=mm&r=g\",\"contentUrl\":\"https:\/\/secure.gravatar.com\/avatar\/03c5100e64e7f8981aa1450029b9aae2?s=96&d=mm&r=g\",\"caption\":\"mgarcisa\"},\"url\":\"https:\/\/www.nebrija.com\/medios\/nebrijaglobalcampus\/author\/mgarcisa\/\"}]}<\/script>\n<!-- \/ Yoast SEO plugin. -->","yoast_head_json":{"title":"A m\u00ed me gusta m\u00e1s el papel\u2026 - Global Campus Nebrija","robots":{"index":"index","follow":"follow","max-snippet":"max-snippet:-1","max-image-preview":"max-image-preview:large","max-video-preview":"max-video-preview:-1"},"canonical":"https:\/\/www.nebrija.com\/medios\/nebrijaglobalcampus\/2017\/04\/06\/a-mi-me-gusta-mas-el-papel\/","og_locale":"es_ES","og_type":"article","og_title":"A m\u00ed me gusta m\u00e1s el papel\u2026 - Global Campus Nebrija","og_description":"S\u00ed, no te lo voy a discutir, y a m\u00ed. Los sentidos en contacto con el papel, ese tacto que nos muestra sus texturas, ese olor, \u00a1Dios, qu\u00e9 gusto abrir un libro y meter la nariz en \u00e9l\u2026! Se podr\u00edan aplicar tantos adjetivos como en una cata de vinos. Pero tenemos que rendirnos a la [&hellip;]","og_url":"https:\/\/www.nebrija.com\/medios\/nebrijaglobalcampus\/2017\/04\/06\/a-mi-me-gusta-mas-el-papel\/","og_site_name":"Global Campus Nebrija","article_published_time":"2017-04-06T07:30:34+00:00","og_image":[{"width":1024,"height":683,"url":"https:\/\/www.nebrija.com\/medios\/nebrijaglobalcampus\/wp-content\/uploads\/sites\/31\/2017\/04\/shutterstock_221428027b-1024x683.jpg","type":"image\/jpeg"}],"author":"mgarcisa","twitter_card":"summary_large_image","twitter_misc":{"Escrito por":"mgarcisa","Tiempo de lectura":"4 minutos"},"schema":{"@context":"https:\/\/schema.org","@graph":[{"@type":"WebPage","@id":"https:\/\/www.nebrija.com\/medios\/nebrijaglobalcampus\/2017\/04\/06\/a-mi-me-gusta-mas-el-papel\/","url":"https:\/\/www.nebrija.com\/medios\/nebrijaglobalcampus\/2017\/04\/06\/a-mi-me-gusta-mas-el-papel\/","name":"A m\u00ed me gusta m\u00e1s el papel\u2026 - Global Campus Nebrija","isPartOf":{"@id":"https:\/\/www.nebrija.com\/medios\/nebrijaglobalcampus\/#website"},"datePublished":"2017-04-06T07:30:34+00:00","dateModified":"2017-04-06T07:30:34+00:00","author":{"@id":"https:\/\/www.nebrija.com\/medios\/nebrijaglobalcampus\/#\/schema\/person\/0fa46cb03c7e07b210c31383337aa6ee"},"breadcrumb":{"@id":"https:\/\/www.nebrija.com\/medios\/nebrijaglobalcampus\/2017\/04\/06\/a-mi-me-gusta-mas-el-papel\/#breadcrumb"},"inLanguage":"es","potentialAction":[{"@type":"ReadAction","target":["https:\/\/www.nebrija.com\/medios\/nebrijaglobalcampus\/2017\/04\/06\/a-mi-me-gusta-mas-el-papel\/"]}]},{"@type":"BreadcrumbList","@id":"https:\/\/www.nebrija.com\/medios\/nebrijaglobalcampus\/2017\/04\/06\/a-mi-me-gusta-mas-el-papel\/#breadcrumb","itemListElement":[{"@type":"ListItem","position":1,"name":"Home","item":"https:\/\/www.nebrija.com\/medios\/nebrijaglobalcampus\/"},{"@type":"ListItem","position":2,"name":"A m\u00ed me gusta m\u00e1s el papel\u2026"}]},{"@type":"WebSite","@id":"https:\/\/www.nebrija.com\/medios\/nebrijaglobalcampus\/#website","url":"https:\/\/www.nebrija.com\/medios\/nebrijaglobalcampus\/","name":"Global Campus Nebrija","description":"Profesionales capaces de hacer que merezca la pena","potentialAction":[{"@type":"SearchAction","target":{"@type":"EntryPoint","urlTemplate":"https:\/\/www.nebrija.com\/medios\/nebrijaglobalcampus\/?s={search_term_string}"},"query-input":"required name=search_term_string"}],"inLanguage":"es"},{"@type":"Person","@id":"https:\/\/www.nebrija.com\/medios\/nebrijaglobalcampus\/#\/schema\/person\/0fa46cb03c7e07b210c31383337aa6ee","name":"mgarcisa","image":{"@type":"ImageObject","inLanguage":"es","@id":"https:\/\/www.nebrija.com\/medios\/nebrijaglobalcampus\/#\/schema\/person\/image\/","url":"https:\/\/secure.gravatar.com\/avatar\/03c5100e64e7f8981aa1450029b9aae2?s=96&d=mm&r=g","contentUrl":"https:\/\/secure.gravatar.com\/avatar\/03c5100e64e7f8981aa1450029b9aae2?s=96&d=mm&r=g","caption":"mgarcisa"},"url":"https:\/\/www.nebrija.com\/medios\/nebrijaglobalcampus\/author\/mgarcisa\/"}]}},"_links":{"self":[{"href":"https:\/\/www.nebrija.com\/medios\/nebrijaglobalcampus\/wp-json\/wp\/v2\/posts\/1411"}],"collection":[{"href":"https:\/\/www.nebrija.com\/medios\/nebrijaglobalcampus\/wp-json\/wp\/v2\/posts"}],"about":[{"href":"https:\/\/www.nebrija.com\/medios\/nebrijaglobalcampus\/wp-json\/wp\/v2\/types\/post"}],"author":[{"embeddable":true,"href":"https:\/\/www.nebrija.com\/medios\/nebrijaglobalcampus\/wp-json\/wp\/v2\/users\/97"}],"replies":[{"embeddable":true,"href":"https:\/\/www.nebrija.com\/medios\/nebrijaglobalcampus\/wp-json\/wp\/v2\/comments?post=1411"}],"version-history":[{"count":2,"href":"https:\/\/www.nebrija.com\/medios\/nebrijaglobalcampus\/wp-json\/wp\/v2\/posts\/1411\/revisions"}],"predecessor-version":[{"id":1419,"href":"https:\/\/www.nebrija.com\/medios\/nebrijaglobalcampus\/wp-json\/wp\/v2\/posts\/1411\/revisions\/1419"}],"wp:featuredmedia":[{"embeddable":true,"href":"https:\/\/www.nebrija.com\/medios\/nebrijaglobalcampus\/wp-json\/wp\/v2\/media\/1418"}],"wp:attachment":[{"href":"https:\/\/www.nebrija.com\/medios\/nebrijaglobalcampus\/wp-json\/wp\/v2\/media?parent=1411"}],"wp:term":[{"taxonomy":"category","embeddable":true,"href":"https:\/\/www.nebrija.com\/medios\/nebrijaglobalcampus\/wp-json\/wp\/v2\/categories?post=1411"},{"taxonomy":"post_tag","embeddable":true,"href":"https:\/\/www.nebrija.com\/medios\/nebrijaglobalcampus\/wp-json\/wp\/v2\/tags?post=1411"}],"curies":[{"name":"wp","href":"https:\/\/api.w.org\/{rel}","templated":true}]}}