{"id":1429,"date":"2017-04-20T07:33:49","date_gmt":"2017-04-20T07:33:49","guid":{"rendered":"http:\/\/www.nebrija.com\/medios\/nebrijaglobalcampus\/?p=1429"},"modified":"2017-04-20T07:33:49","modified_gmt":"2017-04-20T07:33:49","slug":"la-formacion-inicial-y-continuada-de-la-abogacia-pasa-por-los-recursos-digitales","status":"publish","type":"post","link":"https:\/\/www.nebrija.com\/medios\/nebrijaglobalcampus\/2017\/04\/20\/la-formacion-inicial-y-continuada-de-la-abogacia-pasa-por-los-recursos-digitales\/","title":{"rendered":"La formaci\u00f3n inicial y continuada de la abogac\u00eda pasa por los recursos digitales"},"content":{"rendered":"<p style=\"text-align: right\"><strong>Autor:<\/strong> Luis A. Garc\u00eda<\/p>\n<p>&nbsp;<\/p>\n<p>A principios de febrero del presente a\u00f1o, la presidenta del Consejo General de la Abogac\u00eda Espa\u00f1ola (CGAE), Victoria Ortega, present\u00f3 el documento denominado <a href=\"http:\/\/www.abogacia.es\/wp-content\/uploads\/2017\/02\/PLAN-ESTRATEGICO-ABOGACIA-2020.pdf\">\u201cPlan Estrat\u00e9gico de la Abogac\u00eda 2020\u201d<\/a>. Seg\u00fan la <a href=\"http:\/\/www.abogacia.es\/2017\/02\/06\/victoria-ortega-presenta-el-plan-estrategico-de-la-abogacia-con-23-objetivos-y-163-medidas-previstas-para-2017-2020\/\">nota de prensa<\/a> de dicho acto, este plan ser\u00eda \u201cla hoja de ruta de la abogac\u00eda para el per\u00edodo 2017-2020 en la que, a trav\u00e9s de cinco ejes estrat\u00e9gicos, se aborda el correcto ejercicio de la profesi\u00f3n\u201d. Los cinco ejes estrat\u00e9gicos en que se divide el plan son los siguientes:<\/p>\n<ol>\n<li>Una abogac\u00eda confiable y preparada<\/li>\n<li>Una abogac\u00eda gestora integral de conflictos<\/li>\n<li>Una abogac\u00eda innovadora y tecnol\u00f3gicamente avanzada<\/li>\n<li>Una abogac\u00eda comprometida con la sociedad<\/li>\n<li>Una abogac\u00eda europea con visi\u00f3n global<\/li>\n<\/ol>\n<p>&nbsp;<\/p>\n<p>A su vez, cada eje se encuentra dividido en objetivos y cada objetivo en medidas concretas. A efectos de este blog, procedemos a reflexionar brevemente sobre las tres \u00faltimas medidas del tercer objetivo del primer eje:<\/p>\n<p>&nbsp;<\/p>\n<p><strong>Objetivo 3<\/strong>: Formaci\u00f3n inicial y continua de calidad<\/p>\n<p>34.- Programa de colaboraci\u00f3n con Facultades y Universidades<\/p>\n<p>35.- Formaci\u00f3n inicial de excelencia y mejora del acceso a la profesi\u00f3n<\/p>\n<p>36.- Sistema de certificaci\u00f3n de calidad para Escuelas de Pr\u00e1ctica Jur\u00eddica<\/p>\n<p>37.- Formaci\u00f3n en competencias t\u00e9cnicas y desarrollo de especialidades en m\u00e1steres<\/p>\n<p>38.- Programa integrado de Formaci\u00f3n Legal Continua (FLC)<\/p>\n<p>39.- Aumento de cursos de formaci\u00f3n conjunta con otras instituciones profesionales<\/p>\n<p><em><u>40.- Biblioteca digital intercolegial<\/u><\/em><\/p>\n<p><em><u>41.- Campus virtual intercolegial<\/u><\/em><\/p>\n<p><em><u>42.- Servicio did\u00e1ctico y audiovisual para crear contenidos colegiales y cursos online<\/u><\/em><\/p>\n<p>&nbsp;<\/p>\n<p>Cabe aclarar que este objetivo parte de la premisa de que para ejercer la abogac\u00eda de forma responsable, fiable y con altos niveles de calidad, el abogado necesita ir actualizando los conocimientos adquiridos en su formaci\u00f3n inicial. Personalmente, yo voy m\u00e1s all\u00e1: creo firmemente que para ejercer la abogac\u00eda de forma fiable, es necesario adem\u00e1s adquirir nuevas competencias y habilidades que van surgiendo con el paso del tiempo y que necesariamente no exist\u00edan cuando el abogado curs\u00f3 su formaci\u00f3n inicial (por ejemplo, manejo adecuado de las redes sociales en los entornos profesionales de la abogac\u00eda).<\/p>\n<p>&nbsp;<\/p>\n<p>A estos efectos, el CGAE quiere promover junto con las universidades, escuelas de pr\u00e1ctica jur\u00eddica, colegios de abogados y consejos auton\u00f3micos un programa integrado de formaci\u00f3n legal continua para todo el territorio nacional, de forma que los abogados espa\u00f1oles est\u00e9n en mejores condiciones para ofrecer servicios jur\u00eddicos de alta calidad.<\/p>\n<p>&nbsp;<\/p>\n<p>Bajo esta premisa, los recursos digitales juegan un papel esencial tanto en la formaci\u00f3n inicial como en la formaci\u00f3n continuada del abogado, seg\u00fan veremos a continuaci\u00f3n.<\/p>\n<p>&nbsp;<\/p>\n<p style=\"text-align: center\"><em><strong>Medida 40<\/strong>: Biblioteca digital intercolegial: \u201cPara que los abogados&nbsp; cuenten&nbsp; con&nbsp; medios&nbsp; equivalentes&nbsp; de&nbsp; informaci\u00f3n&nbsp; en&nbsp; la&nbsp; articulaci\u00f3n&nbsp; de&nbsp; su estrategia profesional, sin limitaci\u00f3n f\u00edsica, temporal o geogr\u00e1fica, deben poder acceder a una&nbsp; biblioteca digital com\u00fan, con independencia de su concreta colegiaci\u00f3n. La Abogac\u00eda Espa\u00f1ola pondr\u00e1&nbsp; todos los medios a su alcance para crear una biblioteca digital intercolegial excelente, que&nbsp; asegure la igualdad de armas en el proceso por medio de un igual acceso a las fuentes de informaci\u00f3n\u201d<\/em>.<\/p>\n<p>&nbsp;<\/p>\n<p>Nos parece muy buena esta propuesta, siempre y cuando se facilite acceso a la misma (de forma limitada, claro), a los estudiantes de Derecho e incluso al p\u00fablico en general. Actualmente existen varias bibliotecas jur\u00eddicas digitales en el \u00e1mbito espa\u00f1ol, pero de acceso restringido mediante pago. Cada colegio de abogados se encarga de negociar individualmente el acceso para sus colegiados, de forma que el colectivo en general podr\u00eda beneficiarse de mejores condiciones si se parte de una propuesta conjunta.<\/p>\n<p>&nbsp;<\/p>\n<p style=\"text-align: center\"><em><strong>Medida 41<\/strong>: Campus virtual intercolegial: \u201c\u2026los Colegios de Abogados programan e imparten 2.500 cursos de formaci\u00f3n al a\u00f1o, siendo la Abogac\u00eda Espa\u00f1ola uno de los m\u00e1s importantes prestadores de servicios de formaci\u00f3n profesional del&nbsp; pa\u00eds en t\u00e9rminos comparados. Para poner en valor este significativo ecosistema educativo, la&nbsp; Abogac\u00eda Espa\u00f1ola&nbsp; potenciar\u00e1&nbsp; su plataforma de formaci\u00f3n&nbsp; no presencial, bajo criterios de f\u00e1cil&nbsp; acceso y usabilidad, con objeto de prestar un servicio de calidad a todos los colegiados, as\u00ed como&nbsp; a otras profesiones legales que est\u00e9n interesadas. El Consejo General aspira a facilitar el acceso&nbsp; universal a una formaci\u00f3n profesional continua y especializada de calidad por medio de este proyecto intercolegial\u201d. <\/em><\/p>\n<p>&nbsp;<\/p>\n<p>Creemos que el CGAE no se debe limitar al \u00e1mbito intercolegial y deber\u00eda invitar a aquellas universidades espa\u00f1olas que as\u00ed lo estimen, a formar parte de este campus (especialmente las universidades p\u00fablicas). Para este caso, entendemos que los MOOCs sobre temas de Derecho deber\u00edan integrarse en dicha plataforma, as\u00ed como las titulaciones propias que se estimen de especial inter\u00e9s (fundamentalmente diplomados y cursos de corta duraci\u00f3n que se pueden desarrollar f\u00e1cilmente por las facultades de derecho).<\/p>\n<p>&nbsp;<\/p>\n<p style=\"text-align: center\"><em><strong>Medida 42<\/strong>: Servicio did\u00e1ctico y audiovisual para crear contenidos colegiales y cursos online: <\/em><\/p>\n<p style=\"text-align: center\"><em>\u201cLa Abogac\u00eda Espa\u00f1ola impulsar\u00e1 un servicio did\u00e1ctico y audiovisual dirigido a transformar en contenidos formativos online una selecci\u00f3n de los cursos presenciales que los Colegios de Abogados ofrecen&nbsp; anualmente. La transformaci\u00f3n de cursos que los colegios imparten de modo presencial en la&nbsp; actualidad en materiales formativos digitales se realizar\u00e1 por medio de un servicio especializado que estar\u00e1 formado, necesariamente, por expertos en metodolog\u00edas docentes y did\u00e1ctica online as\u00ed como por los mejores profesionales del sector audiovisual\u201d. <\/em><\/p>\n<p>&nbsp;<\/p>\n<p>Precisamente el \u00e1mbito did\u00e1ctico y audiovisual ha sido extensamente desarrollado por las universidades espa\u00f1olas, tanto privadas como p\u00fablicas (por ejemplo, los casos de la propia Universidad Nebrija y de la Universidad Internacional de la Rioja). Es por esto que entendemos que dicha transformaci\u00f3n de contenidos debe hacerse de forma concertada con el sector universitario espa\u00f1ol que posee ya experiencia en la formaci\u00f3n jur\u00eddica en plataformas digitales.<\/p>\n<p>&nbsp;<\/p>\n<p>Por \u00faltimo, queremos expresar nuestro optimismo respecto al Plan estrat\u00e9gico de la abogac\u00eda 2020, as\u00ed como reiterar nuestra disposici\u00f3n y voluntad para contribuir a que el mismo se materialice lo m\u00e1s pronto posible en beneficio de una abogac\u00eda m\u00e1s fiable y preparada.<\/p>\n<p>&nbsp;<\/p>\n<p><a href=\"https:\/\/www.nebrija.com\/medios\/nebrijaglobalcampus\/wp-content\/uploads\/sites\/31\/2017\/04\/Luis-Garc\u00eda-web.jpg\"><img loading=\"lazy\" decoding=\"async\" class=\"alignnone wp-image-1434\" src=\"https:\/\/www.nebrija.com\/medios\/nebrijaglobalcampus\/wp-content\/uploads\/sites\/31\/2017\/04\/Luis-Garc\u00eda-web.jpg\" alt=\"\" width=\"305\" height=\"305\" srcset=\"https:\/\/www.nebrija.com\/medios\/nebrijaglobalcampus\/wp-content\/uploads\/sites\/31\/2017\/04\/Luis-Garc\u00eda-web.jpg 395w, https:\/\/www.nebrija.com\/medios\/nebrijaglobalcampus\/wp-content\/uploads\/sites\/31\/2017\/04\/Luis-Garc\u00eda-web-150x150.jpg 150w, https:\/\/www.nebrija.com\/medios\/nebrijaglobalcampus\/wp-content\/uploads\/sites\/31\/2017\/04\/Luis-Garc\u00eda-web-300x300.jpg 300w, https:\/\/www.nebrija.com\/medios\/nebrijaglobalcampus\/wp-content\/uploads\/sites\/31\/2017\/04\/Luis-Garc\u00eda-web-60x60.jpg 60w\" sizes=\"(max-width: 305px) 100vw, 305px\" \/><\/a><\/p>\n<p><em><strong>Luis A. Garc\u00eda Segura<\/strong><\/em><\/p>\n<p><em><strong>Profesor de Derecho y Director del M\u00e1ster en Derecho Empresarial<\/strong><\/em><\/p>\n","protected":false},"excerpt":{"rendered":"<p>Autor: Luis A. Garc\u00eda &nbsp; A principios de febrero del presente a\u00f1o, la presidenta del Consejo General de la Abogac\u00eda Espa\u00f1ola (CGAE), Victoria Ortega, present\u00f3 el documento denominado \u201cPlan Estrat\u00e9gico de la Abogac\u00eda 2020\u201d. Seg\u00fan la nota de prensa de dicho acto, este plan ser\u00eda \u201cla hoja de ruta de la abogac\u00eda para el per\u00edodo [&hellip;]<\/p>\n","protected":false},"author":97,"featured_media":1433,"comment_status":"open","ping_status":"open","sticky":false,"template":"","format":"standard","meta":{"_monsterinsights_skip_tracking":false,"_monsterinsights_sitenote_active":false,"_monsterinsights_sitenote_note":"","_monsterinsights_sitenote_category":0,"footnotes":""},"categories":[633,9],"tags":[602,699,347,698,604,700,420],"acf":[],"yoast_head":"<!-- This site is optimized with the Yoast SEO plugin v22.1 - https:\/\/yoast.com\/wordpress\/plugins\/seo\/ -->\n<title>La formaci\u00f3n inicial y continuada de la abogac\u00eda pasa por los recursos digitales - Global Campus Nebrija<\/title>\n<meta name=\"robots\" content=\"index, follow, max-snippet:-1, max-image-preview:large, max-video-preview:-1\" \/>\n<link rel=\"canonical\" href=\"https:\/\/www.nebrija.com\/medios\/nebrijaglobalcampus\/2017\/04\/20\/la-formacion-inicial-y-continuada-de-la-abogacia-pasa-por-los-recursos-digitales\/\" \/>\n<meta property=\"og:locale\" content=\"es_ES\" \/>\n<meta property=\"og:type\" content=\"article\" \/>\n<meta property=\"og:title\" content=\"La formaci\u00f3n inicial y continuada de la abogac\u00eda pasa por los recursos digitales - Global Campus Nebrija\" \/>\n<meta property=\"og:description\" content=\"Autor: Luis A. Garc\u00eda &nbsp; A principios de febrero del presente a\u00f1o, la presidenta del Consejo General de la Abogac\u00eda Espa\u00f1ola (CGAE), Victoria Ortega, present\u00f3 el documento denominado \u201cPlan Estrat\u00e9gico de la Abogac\u00eda 2020\u201d. Seg\u00fan la nota de prensa de dicho acto, este plan ser\u00eda \u201cla hoja de ruta de la abogac\u00eda para el per\u00edodo [&hellip;]\" \/>\n<meta property=\"og:url\" content=\"https:\/\/www.nebrija.com\/medios\/nebrijaglobalcampus\/2017\/04\/20\/la-formacion-inicial-y-continuada-de-la-abogacia-pasa-por-los-recursos-digitales\/\" \/>\n<meta property=\"og:site_name\" content=\"Global Campus Nebrija\" \/>\n<meta property=\"article:published_time\" content=\"2017-04-20T07:33:49+00:00\" \/>\n<meta property=\"og:image\" content=\"https:\/\/www.nebrija.com\/medios\/nebrijaglobalcampus\/wp-content\/uploads\/sites\/31\/2017\/04\/shutterstock_154122851b-1024x683.jpg\" \/>\n\t<meta property=\"og:image:width\" content=\"1024\" \/>\n\t<meta property=\"og:image:height\" content=\"683\" \/>\n\t<meta property=\"og:image:type\" content=\"image\/jpeg\" \/>\n<meta name=\"author\" content=\"mgarcisa\" \/>\n<meta name=\"twitter:card\" content=\"summary_large_image\" \/>\n<meta name=\"twitter:label1\" content=\"Escrito por\" \/>\n\t<meta name=\"twitter:data1\" content=\"mgarcisa\" \/>\n\t<meta name=\"twitter:label2\" content=\"Tiempo de lectura\" \/>\n\t<meta name=\"twitter:data2\" content=\"6 minutos\" \/>\n<script type=\"application\/ld+json\" class=\"yoast-schema-graph\">{\"@context\":\"https:\/\/schema.org\",\"@graph\":[{\"@type\":\"WebPage\",\"@id\":\"https:\/\/www.nebrija.com\/medios\/nebrijaglobalcampus\/2017\/04\/20\/la-formacion-inicial-y-continuada-de-la-abogacia-pasa-por-los-recursos-digitales\/\",\"url\":\"https:\/\/www.nebrija.com\/medios\/nebrijaglobalcampus\/2017\/04\/20\/la-formacion-inicial-y-continuada-de-la-abogacia-pasa-por-los-recursos-digitales\/\",\"name\":\"La formaci\u00f3n inicial y continuada de la abogac\u00eda pasa por los recursos digitales - Global Campus Nebrija\",\"isPartOf\":{\"@id\":\"https:\/\/www.nebrija.com\/medios\/nebrijaglobalcampus\/#website\"},\"datePublished\":\"2017-04-20T07:33:49+00:00\",\"dateModified\":\"2017-04-20T07:33:49+00:00\",\"author\":{\"@id\":\"https:\/\/www.nebrija.com\/medios\/nebrijaglobalcampus\/#\/schema\/person\/0fa46cb03c7e07b210c31383337aa6ee\"},\"breadcrumb\":{\"@id\":\"https:\/\/www.nebrija.com\/medios\/nebrijaglobalcampus\/2017\/04\/20\/la-formacion-inicial-y-continuada-de-la-abogacia-pasa-por-los-recursos-digitales\/#breadcrumb\"},\"inLanguage\":\"es\",\"potentialAction\":[{\"@type\":\"ReadAction\",\"target\":[\"https:\/\/www.nebrija.com\/medios\/nebrijaglobalcampus\/2017\/04\/20\/la-formacion-inicial-y-continuada-de-la-abogacia-pasa-por-los-recursos-digitales\/\"]}]},{\"@type\":\"BreadcrumbList\",\"@id\":\"https:\/\/www.nebrija.com\/medios\/nebrijaglobalcampus\/2017\/04\/20\/la-formacion-inicial-y-continuada-de-la-abogacia-pasa-por-los-recursos-digitales\/#breadcrumb\",\"itemListElement\":[{\"@type\":\"ListItem\",\"position\":1,\"name\":\"Home\",\"item\":\"https:\/\/www.nebrija.com\/medios\/nebrijaglobalcampus\/\"},{\"@type\":\"ListItem\",\"position\":2,\"name\":\"La formaci\u00f3n inicial y continuada de la abogac\u00eda pasa por los recursos digitales\"}]},{\"@type\":\"WebSite\",\"@id\":\"https:\/\/www.nebrija.com\/medios\/nebrijaglobalcampus\/#website\",\"url\":\"https:\/\/www.nebrija.com\/medios\/nebrijaglobalcampus\/\",\"name\":\"Global Campus Nebrija\",\"description\":\"Profesionales capaces de hacer que merezca la pena\",\"potentialAction\":[{\"@type\":\"SearchAction\",\"target\":{\"@type\":\"EntryPoint\",\"urlTemplate\":\"https:\/\/www.nebrija.com\/medios\/nebrijaglobalcampus\/?s={search_term_string}\"},\"query-input\":\"required name=search_term_string\"}],\"inLanguage\":\"es\"},{\"@type\":\"Person\",\"@id\":\"https:\/\/www.nebrija.com\/medios\/nebrijaglobalcampus\/#\/schema\/person\/0fa46cb03c7e07b210c31383337aa6ee\",\"name\":\"mgarcisa\",\"image\":{\"@type\":\"ImageObject\",\"inLanguage\":\"es\",\"@id\":\"https:\/\/www.nebrija.com\/medios\/nebrijaglobalcampus\/#\/schema\/person\/image\/\",\"url\":\"https:\/\/secure.gravatar.com\/avatar\/03c5100e64e7f8981aa1450029b9aae2?s=96&d=mm&r=g\",\"contentUrl\":\"https:\/\/secure.gravatar.com\/avatar\/03c5100e64e7f8981aa1450029b9aae2?s=96&d=mm&r=g\",\"caption\":\"mgarcisa\"},\"url\":\"https:\/\/www.nebrija.com\/medios\/nebrijaglobalcampus\/author\/mgarcisa\/\"}]}<\/script>\n<!-- \/ Yoast SEO plugin. -->","yoast_head_json":{"title":"La formaci\u00f3n inicial y continuada de la abogac\u00eda pasa por los recursos digitales - Global Campus Nebrija","robots":{"index":"index","follow":"follow","max-snippet":"max-snippet:-1","max-image-preview":"max-image-preview:large","max-video-preview":"max-video-preview:-1"},"canonical":"https:\/\/www.nebrija.com\/medios\/nebrijaglobalcampus\/2017\/04\/20\/la-formacion-inicial-y-continuada-de-la-abogacia-pasa-por-los-recursos-digitales\/","og_locale":"es_ES","og_type":"article","og_title":"La formaci\u00f3n inicial y continuada de la abogac\u00eda pasa por los recursos digitales - Global Campus Nebrija","og_description":"Autor: Luis A. Garc\u00eda &nbsp; A principios de febrero del presente a\u00f1o, la presidenta del Consejo General de la Abogac\u00eda Espa\u00f1ola (CGAE), Victoria Ortega, present\u00f3 el documento denominado \u201cPlan Estrat\u00e9gico de la Abogac\u00eda 2020\u201d. Seg\u00fan la nota de prensa de dicho acto, este plan ser\u00eda \u201cla hoja de ruta de la abogac\u00eda para el per\u00edodo [&hellip;]","og_url":"https:\/\/www.nebrija.com\/medios\/nebrijaglobalcampus\/2017\/04\/20\/la-formacion-inicial-y-continuada-de-la-abogacia-pasa-por-los-recursos-digitales\/","og_site_name":"Global Campus Nebrija","article_published_time":"2017-04-20T07:33:49+00:00","og_image":[{"width":1024,"height":683,"url":"https:\/\/www.nebrija.com\/medios\/nebrijaglobalcampus\/wp-content\/uploads\/sites\/31\/2017\/04\/shutterstock_154122851b-1024x683.jpg","type":"image\/jpeg"}],"author":"mgarcisa","twitter_card":"summary_large_image","twitter_misc":{"Escrito por":"mgarcisa","Tiempo de lectura":"6 minutos"},"schema":{"@context":"https:\/\/schema.org","@graph":[{"@type":"WebPage","@id":"https:\/\/www.nebrija.com\/medios\/nebrijaglobalcampus\/2017\/04\/20\/la-formacion-inicial-y-continuada-de-la-abogacia-pasa-por-los-recursos-digitales\/","url":"https:\/\/www.nebrija.com\/medios\/nebrijaglobalcampus\/2017\/04\/20\/la-formacion-inicial-y-continuada-de-la-abogacia-pasa-por-los-recursos-digitales\/","name":"La formaci\u00f3n inicial y continuada de la abogac\u00eda pasa por los recursos digitales - Global Campus Nebrija","isPartOf":{"@id":"https:\/\/www.nebrija.com\/medios\/nebrijaglobalcampus\/#website"},"datePublished":"2017-04-20T07:33:49+00:00","dateModified":"2017-04-20T07:33:49+00:00","author":{"@id":"https:\/\/www.nebrija.com\/medios\/nebrijaglobalcampus\/#\/schema\/person\/0fa46cb03c7e07b210c31383337aa6ee"},"breadcrumb":{"@id":"https:\/\/www.nebrija.com\/medios\/nebrijaglobalcampus\/2017\/04\/20\/la-formacion-inicial-y-continuada-de-la-abogacia-pasa-por-los-recursos-digitales\/#breadcrumb"},"inLanguage":"es","potentialAction":[{"@type":"ReadAction","target":["https:\/\/www.nebrija.com\/medios\/nebrijaglobalcampus\/2017\/04\/20\/la-formacion-inicial-y-continuada-de-la-abogacia-pasa-por-los-recursos-digitales\/"]}]},{"@type":"BreadcrumbList","@id":"https:\/\/www.nebrija.com\/medios\/nebrijaglobalcampus\/2017\/04\/20\/la-formacion-inicial-y-continuada-de-la-abogacia-pasa-por-los-recursos-digitales\/#breadcrumb","itemListElement":[{"@type":"ListItem","position":1,"name":"Home","item":"https:\/\/www.nebrija.com\/medios\/nebrijaglobalcampus\/"},{"@type":"ListItem","position":2,"name":"La formaci\u00f3n inicial y continuada de la abogac\u00eda pasa por los recursos digitales"}]},{"@type":"WebSite","@id":"https:\/\/www.nebrija.com\/medios\/nebrijaglobalcampus\/#website","url":"https:\/\/www.nebrija.com\/medios\/nebrijaglobalcampus\/","name":"Global Campus Nebrija","description":"Profesionales capaces de hacer que merezca la pena","potentialAction":[{"@type":"SearchAction","target":{"@type":"EntryPoint","urlTemplate":"https:\/\/www.nebrija.com\/medios\/nebrijaglobalcampus\/?s={search_term_string}"},"query-input":"required name=search_term_string"}],"inLanguage":"es"},{"@type":"Person","@id":"https:\/\/www.nebrija.com\/medios\/nebrijaglobalcampus\/#\/schema\/person\/0fa46cb03c7e07b210c31383337aa6ee","name":"mgarcisa","image":{"@type":"ImageObject","inLanguage":"es","@id":"https:\/\/www.nebrija.com\/medios\/nebrijaglobalcampus\/#\/schema\/person\/image\/","url":"https:\/\/secure.gravatar.com\/avatar\/03c5100e64e7f8981aa1450029b9aae2?s=96&d=mm&r=g","contentUrl":"https:\/\/secure.gravatar.com\/avatar\/03c5100e64e7f8981aa1450029b9aae2?s=96&d=mm&r=g","caption":"mgarcisa"},"url":"https:\/\/www.nebrija.com\/medios\/nebrijaglobalcampus\/author\/mgarcisa\/"}]}},"_links":{"self":[{"href":"https:\/\/www.nebrija.com\/medios\/nebrijaglobalcampus\/wp-json\/wp\/v2\/posts\/1429"}],"collection":[{"href":"https:\/\/www.nebrija.com\/medios\/nebrijaglobalcampus\/wp-json\/wp\/v2\/posts"}],"about":[{"href":"https:\/\/www.nebrija.com\/medios\/nebrijaglobalcampus\/wp-json\/wp\/v2\/types\/post"}],"author":[{"embeddable":true,"href":"https:\/\/www.nebrija.com\/medios\/nebrijaglobalcampus\/wp-json\/wp\/v2\/users\/97"}],"replies":[{"embeddable":true,"href":"https:\/\/www.nebrija.com\/medios\/nebrijaglobalcampus\/wp-json\/wp\/v2\/comments?post=1429"}],"version-history":[{"count":3,"href":"https:\/\/www.nebrija.com\/medios\/nebrijaglobalcampus\/wp-json\/wp\/v2\/posts\/1429\/revisions"}],"predecessor-version":[{"id":1436,"href":"https:\/\/www.nebrija.com\/medios\/nebrijaglobalcampus\/wp-json\/wp\/v2\/posts\/1429\/revisions\/1436"}],"wp:featuredmedia":[{"embeddable":true,"href":"https:\/\/www.nebrija.com\/medios\/nebrijaglobalcampus\/wp-json\/wp\/v2\/media\/1433"}],"wp:attachment":[{"href":"https:\/\/www.nebrija.com\/medios\/nebrijaglobalcampus\/wp-json\/wp\/v2\/media?parent=1429"}],"wp:term":[{"taxonomy":"category","embeddable":true,"href":"https:\/\/www.nebrija.com\/medios\/nebrijaglobalcampus\/wp-json\/wp\/v2\/categories?post=1429"},{"taxonomy":"post_tag","embeddable":true,"href":"https:\/\/www.nebrija.com\/medios\/nebrijaglobalcampus\/wp-json\/wp\/v2\/tags?post=1429"}],"curies":[{"name":"wp","href":"https:\/\/api.w.org\/{rel}","templated":true}]}}