{"id":1441,"date":"2017-05-03T06:49:33","date_gmt":"2017-05-03T06:49:33","guid":{"rendered":"http:\/\/www.nebrija.com\/medios\/nebrijaglobalcampus\/?p=1441"},"modified":"2017-05-03T08:56:41","modified_gmt":"2017-05-03T08:56:41","slug":"alumnos-de-verdad","status":"publish","type":"post","link":"https:\/\/www.nebrija.com\/medios\/nebrijaglobalcampus\/2017\/05\/03\/alumnos-de-verdad\/","title":{"rendered":"Alumnos \u00abde verdad\u201d"},"content":{"rendered":"<p style=\"text-align: right\"><strong>Autora:<\/strong> Bego\u00f1a Miguel<\/p>\n<p>&nbsp;<\/p>\n<p>Pero&#8230; \u00bfno tienes alumnos \u201cde verdad\u201d?. La primera vez que lo escuch\u00e9 intent\u00e9 aclararlo. Mi interlocutor no lo hab\u00eda entendido bien. Seguro que era eso. Me esmer\u00e9 en explicarlo. Que si, que claro que tengo alumnos \u00abde verdad\u201d. Les doy clase <em>online.<\/em> A distancia. O sea, que ellos est\u00e1n en su casa -depende de la hora- , y yo\u2026 pues lo mismo, en la m\u00eda. Pero la reacci\u00f3n es casi siempre parecida\u2026 Que si, que lo entienden, pero que son alumnos <em>online<\/em>\u2026&nbsp;<\/p>\n<p>&nbsp;<\/p>\n<p style=\"text-align: center\"><em>\u00abClara acaba de dar a luz, Ignacio trabaja en un e-commerce en China, Kevin presenta un programa de radio en El Salvador, J\u00e9ssica acaba de montar su empresa en Colombia\u2026\u00bb.<\/em><\/p>\n<p>&nbsp;<\/p>\n<p>Otras veces es por parte de nuevos profesores. Desde que coordino dos m\u00e1steres en modalidad <em>online<\/em> en la Universidad Nebrija, me he acostumbrado a entrevistar a futuros docentes que me manifiestan que les encanta la docencia\u2026 pero con alumnos \u00abde verdad\u201d.&nbsp;<\/p>\n<p>&nbsp;<\/p>\n<p style=\"text-align: center\"><em>\u201cChemi esta acabando su tesis , Iria tambi\u00e9n, Nuria la termin\u00f3 y ahora trabaja en un e-commerce, Allen es experto en usabilidad web en M\u00e9xico, Rub\u00e9n se ha convertido en un experto en narrativa digital\u2026\u201d.<\/em><\/p>\n<p>&nbsp;<\/p>\n<p>La actitud de estos profesores, sin embargo, cambia r\u00e1pido. Cuando se acaba su primera docencia, el grado de satisfacci\u00f3n de los docentes ya es alt\u00edsima. La experienca ha sido intensa y el 99% que prueba, repite. Han conocido alumnos especiales, motivados y muy trabajadores. Estudiantes dispuestos a dar y obtener lo m\u00e1ximo. El sue\u00f1o de un profesor.<\/p>\n<p>&nbsp;<\/p>\n<p style=\"text-align: center\"><em>\u201cMarta obtuvo la menci\u00f3n de honor por ser la mejor estudiante de nuestra facultad, \u00c1ngel hizo otros m\u00e1steres, pero todav\u00eda nos echa de menos, Cristian es docente de marketing digital en Bogot\u00e1,&nbsp;a Laura no le da la vida con su trabajo, pero est\u00e1 sacando el&nbsp;m\u00e1ster a fuerza de horas de sue\u00f1o\u2026\u201d.<\/em><\/p>\n<p>&nbsp;<\/p>\n<p>Empiezo a pensar que la expresi\u00f3n&nbsp;\u201cde verdad\u201d es equiparable a&nbsp;\u201cpresencial\u201d. Es decir, los alumnos son verdaderos si son presenciales. Esto me lleva a pensar si la docencia puede ser de mentira si los alumnos est\u00e1n a distancia. O que mis alumnos son de mentira. O que solo es verdad lo que se ve, o\u2026 en fin, mejor no sigo por ah\u00ed que me l\u00edo.<\/p>\n<p>&nbsp;<\/p>\n<p style=\"text-align: center\"><em>\u00abNoelia ha venido de su Valencia natal a Madrid a hacer pr\u00e1cticas en una agencia, Miguelina ha dejado su trabajo en Rep\u00fablica Dominicana para pasar este periodo de formaci\u00f3n es Espa\u00f1a, Victoria se ha dejado el alma en el m\u00e1ster\u201d.<\/em><\/p>\n<p>&nbsp;<\/p>\n<p>Cuando te asomas a la docencia <em>online<\/em> te das cuenta que los alumnos te necesitan igual que en cualquier modalidad. O m\u00e1s. Han puesto tu confianza en ti y no les puedes defraudar. Est\u00e1n lejos. Est\u00e1n solos. Y necesitan este m\u00e1ster. Cada historia, cada caso, cada vida, deja huella en todo el equipo docente que d\u00eda tras d\u00eda procura que estos estudiantes logren sus objetivos y que sus sue\u00f1os puedan convertirse en realidad.&nbsp;Para no ser alumnos de verdad, lo disimulan bastante bien.&nbsp;<\/p>\n<p>&nbsp;<\/p>\n<p style=\"text-align: center\"><em>\u201cPatricia nos dej\u00f3 impresionados con su entrega,&nbsp;Javier pronto se doctora y ya dirige trabajos de fin de m\u00e1ster, Myriam es un ejemplo de persona y de profesional, Eva buscaba un m\u00e1ster&nbsp;\u201cpotente\u00bb y dice que lo ha conseguido\u00bb.<\/em><\/p>\n<p>&nbsp;<\/p>\n<p>Cada estudiante deja una muesca en el coraz\u00f3n, un motivo de satisfacci\u00f3n, un hueco para siempre. Algunos vienen a la graduaci\u00f3n. Otros no pueden y se quedan en su lugar de origen. Los que vienen, se reconocen, se miran y sonr\u00eden. Recuerdan las entregas, los nervios, el agobio\u2026 Y tambi\u00e9n las risas, los ratos compartidos y el placer del conocimiento. Y nos miran y sonr\u00eden. Nos echar\u00e1n de menos, dicen. Estoy segura. Y nosotros a ellos tambi\u00e9n. Nos hemos re\u00eddo, hemos peleado, discutido y emocionado. Todo un curso de experiencias y aprendizaje.<strong>&nbsp;Como si fueran alumnos \u00abde verdad\u00bb.<\/strong><\/p>\n<p>&nbsp;<\/p>\n<p><a href=\"https:\/\/www.nebrija.com\/medios\/nebrijaglobalcampus\/wp-content\/uploads\/sites\/31\/2017\/04\/Bego\u00f1a-Miguel-02.jpg\"><img loading=\"lazy\" decoding=\"async\" class=\"alignnone wp-image-1451\" src=\"https:\/\/www.nebrija.com\/medios\/nebrijaglobalcampus\/wp-content\/uploads\/sites\/31\/2017\/04\/Bego\u00f1a-Miguel-02.jpg\" alt=\"\" width=\"286\" height=\"322\" srcset=\"https:\/\/www.nebrija.com\/medios\/nebrijaglobalcampus\/wp-content\/uploads\/sites\/31\/2017\/04\/Bego\u00f1a-Miguel-02.jpg 381w, https:\/\/www.nebrija.com\/medios\/nebrijaglobalcampus\/wp-content\/uploads\/sites\/31\/2017\/04\/Bego\u00f1a-Miguel-02-266x300.jpg 266w\" sizes=\"(max-width: 286px) 100vw, 286px\" \/><\/a><\/p>\n<p><em><strong>Bego\u00f1a Miguel<\/strong><\/em><\/p>\n<p><em><strong>Directora del M\u00e1ster en Marketing y Publicidad Digital<\/strong><\/em><\/p>\n","protected":false},"excerpt":{"rendered":"<p>Autora: Bego\u00f1a Miguel &nbsp; Pero&#8230; \u00bfno tienes alumnos \u201cde verdad\u201d?. La primera vez que lo escuch\u00e9 intent\u00e9 aclararlo. Mi interlocutor no lo hab\u00eda entendido bien. Seguro que era eso. Me esmer\u00e9 en explicarlo. Que si, que claro que tengo alumnos \u00abde verdad\u201d. Les doy clase online. A distancia. O sea, que ellos est\u00e1n en su [&hellip;]<\/p>\n","protected":false},"author":97,"featured_media":1450,"comment_status":"open","ping_status":"open","sticky":false,"template":"","format":"standard","meta":{"_monsterinsights_skip_tracking":false,"_monsterinsights_sitenote_active":false,"_monsterinsights_sitenote_note":"","_monsterinsights_sitenote_category":0,"footnotes":""},"categories":[9,1],"tags":[36,729,243,519,22,730,23,14],"acf":[],"yoast_head":"<!-- This site is optimized with the Yoast SEO plugin v22.1 - https:\/\/yoast.com\/wordpress\/plugins\/seo\/ -->\n<title>Alumnos &quot;de verdad\u201d - Global Campus Nebrija<\/title>\n<meta name=\"robots\" content=\"index, follow, max-snippet:-1, max-image-preview:large, max-video-preview:-1\" \/>\n<link rel=\"canonical\" href=\"https:\/\/www.nebrija.com\/medios\/nebrijaglobalcampus\/2017\/05\/03\/alumnos-de-verdad\/\" \/>\n<meta property=\"og:locale\" content=\"es_ES\" \/>\n<meta property=\"og:type\" content=\"article\" \/>\n<meta property=\"og:title\" content=\"Alumnos &quot;de verdad\u201d - Global Campus Nebrija\" \/>\n<meta property=\"og:description\" content=\"Autora: Bego\u00f1a Miguel &nbsp; Pero&#8230; \u00bfno tienes alumnos \u201cde verdad\u201d?. La primera vez que lo escuch\u00e9 intent\u00e9 aclararlo. Mi interlocutor no lo hab\u00eda entendido bien. Seguro que era eso. Me esmer\u00e9 en explicarlo. Que si, que claro que tengo alumnos \u00abde verdad\u201d. Les doy clase online. A distancia. O sea, que ellos est\u00e1n en su [&hellip;]\" \/>\n<meta property=\"og:url\" content=\"https:\/\/www.nebrija.com\/medios\/nebrijaglobalcampus\/2017\/05\/03\/alumnos-de-verdad\/\" \/>\n<meta property=\"og:site_name\" content=\"Global Campus Nebrija\" \/>\n<meta property=\"article:published_time\" content=\"2017-05-03T06:49:33+00:00\" \/>\n<meta property=\"article:modified_time\" content=\"2017-05-03T08:56:41+00:00\" \/>\n<meta property=\"og:image\" content=\"https:\/\/www.nebrija.com\/medios\/nebrijaglobalcampus\/wp-content\/uploads\/sites\/31\/2017\/04\/shutterstock_615310838-1024x717.jpg\" \/>\n\t<meta property=\"og:image:width\" content=\"1024\" \/>\n\t<meta property=\"og:image:height\" content=\"717\" \/>\n\t<meta property=\"og:image:type\" content=\"image\/jpeg\" \/>\n<meta name=\"author\" content=\"mgarcisa\" \/>\n<meta name=\"twitter:card\" content=\"summary_large_image\" \/>\n<meta name=\"twitter:label1\" content=\"Escrito por\" \/>\n\t<meta name=\"twitter:data1\" content=\"mgarcisa\" \/>\n\t<meta name=\"twitter:label2\" content=\"Tiempo de lectura\" \/>\n\t<meta name=\"twitter:data2\" content=\"4 minutos\" \/>\n<script type=\"application\/ld+json\" class=\"yoast-schema-graph\">{\"@context\":\"https:\/\/schema.org\",\"@graph\":[{\"@type\":\"WebPage\",\"@id\":\"https:\/\/www.nebrija.com\/medios\/nebrijaglobalcampus\/2017\/05\/03\/alumnos-de-verdad\/\",\"url\":\"https:\/\/www.nebrija.com\/medios\/nebrijaglobalcampus\/2017\/05\/03\/alumnos-de-verdad\/\",\"name\":\"Alumnos \\\"de verdad\u201d - Global Campus Nebrija\",\"isPartOf\":{\"@id\":\"https:\/\/www.nebrija.com\/medios\/nebrijaglobalcampus\/#website\"},\"datePublished\":\"2017-05-03T06:49:33+00:00\",\"dateModified\":\"2017-05-03T08:56:41+00:00\",\"author\":{\"@id\":\"https:\/\/www.nebrija.com\/medios\/nebrijaglobalcampus\/#\/schema\/person\/0fa46cb03c7e07b210c31383337aa6ee\"},\"breadcrumb\":{\"@id\":\"https:\/\/www.nebrija.com\/medios\/nebrijaglobalcampus\/2017\/05\/03\/alumnos-de-verdad\/#breadcrumb\"},\"inLanguage\":\"es\",\"potentialAction\":[{\"@type\":\"ReadAction\",\"target\":[\"https:\/\/www.nebrija.com\/medios\/nebrijaglobalcampus\/2017\/05\/03\/alumnos-de-verdad\/\"]}]},{\"@type\":\"BreadcrumbList\",\"@id\":\"https:\/\/www.nebrija.com\/medios\/nebrijaglobalcampus\/2017\/05\/03\/alumnos-de-verdad\/#breadcrumb\",\"itemListElement\":[{\"@type\":\"ListItem\",\"position\":1,\"name\":\"Home\",\"item\":\"https:\/\/www.nebrija.com\/medios\/nebrijaglobalcampus\/\"},{\"@type\":\"ListItem\",\"position\":2,\"name\":\"Alumnos \u00abde verdad\u201d\"}]},{\"@type\":\"WebSite\",\"@id\":\"https:\/\/www.nebrija.com\/medios\/nebrijaglobalcampus\/#website\",\"url\":\"https:\/\/www.nebrija.com\/medios\/nebrijaglobalcampus\/\",\"name\":\"Global Campus Nebrija\",\"description\":\"Profesionales capaces de hacer que merezca la pena\",\"potentialAction\":[{\"@type\":\"SearchAction\",\"target\":{\"@type\":\"EntryPoint\",\"urlTemplate\":\"https:\/\/www.nebrija.com\/medios\/nebrijaglobalcampus\/?s={search_term_string}\"},\"query-input\":\"required name=search_term_string\"}],\"inLanguage\":\"es\"},{\"@type\":\"Person\",\"@id\":\"https:\/\/www.nebrija.com\/medios\/nebrijaglobalcampus\/#\/schema\/person\/0fa46cb03c7e07b210c31383337aa6ee\",\"name\":\"mgarcisa\",\"image\":{\"@type\":\"ImageObject\",\"inLanguage\":\"es\",\"@id\":\"https:\/\/www.nebrija.com\/medios\/nebrijaglobalcampus\/#\/schema\/person\/image\/\",\"url\":\"https:\/\/secure.gravatar.com\/avatar\/03c5100e64e7f8981aa1450029b9aae2?s=96&d=mm&r=g\",\"contentUrl\":\"https:\/\/secure.gravatar.com\/avatar\/03c5100e64e7f8981aa1450029b9aae2?s=96&d=mm&r=g\",\"caption\":\"mgarcisa\"},\"url\":\"https:\/\/www.nebrija.com\/medios\/nebrijaglobalcampus\/author\/mgarcisa\/\"}]}<\/script>\n<!-- \/ Yoast SEO plugin. -->","yoast_head_json":{"title":"Alumnos \"de verdad\u201d - Global Campus Nebrija","robots":{"index":"index","follow":"follow","max-snippet":"max-snippet:-1","max-image-preview":"max-image-preview:large","max-video-preview":"max-video-preview:-1"},"canonical":"https:\/\/www.nebrija.com\/medios\/nebrijaglobalcampus\/2017\/05\/03\/alumnos-de-verdad\/","og_locale":"es_ES","og_type":"article","og_title":"Alumnos \"de verdad\u201d - Global Campus Nebrija","og_description":"Autora: Bego\u00f1a Miguel &nbsp; Pero&#8230; \u00bfno tienes alumnos \u201cde verdad\u201d?. La primera vez que lo escuch\u00e9 intent\u00e9 aclararlo. Mi interlocutor no lo hab\u00eda entendido bien. Seguro que era eso. Me esmer\u00e9 en explicarlo. Que si, que claro que tengo alumnos \u00abde verdad\u201d. Les doy clase online. A distancia. O sea, que ellos est\u00e1n en su [&hellip;]","og_url":"https:\/\/www.nebrija.com\/medios\/nebrijaglobalcampus\/2017\/05\/03\/alumnos-de-verdad\/","og_site_name":"Global Campus Nebrija","article_published_time":"2017-05-03T06:49:33+00:00","article_modified_time":"2017-05-03T08:56:41+00:00","og_image":[{"width":1024,"height":717,"url":"https:\/\/www.nebrija.com\/medios\/nebrijaglobalcampus\/wp-content\/uploads\/sites\/31\/2017\/04\/shutterstock_615310838-1024x717.jpg","type":"image\/jpeg"}],"author":"mgarcisa","twitter_card":"summary_large_image","twitter_misc":{"Escrito por":"mgarcisa","Tiempo de lectura":"4 minutos"},"schema":{"@context":"https:\/\/schema.org","@graph":[{"@type":"WebPage","@id":"https:\/\/www.nebrija.com\/medios\/nebrijaglobalcampus\/2017\/05\/03\/alumnos-de-verdad\/","url":"https:\/\/www.nebrija.com\/medios\/nebrijaglobalcampus\/2017\/05\/03\/alumnos-de-verdad\/","name":"Alumnos \"de verdad\u201d - Global Campus Nebrija","isPartOf":{"@id":"https:\/\/www.nebrija.com\/medios\/nebrijaglobalcampus\/#website"},"datePublished":"2017-05-03T06:49:33+00:00","dateModified":"2017-05-03T08:56:41+00:00","author":{"@id":"https:\/\/www.nebrija.com\/medios\/nebrijaglobalcampus\/#\/schema\/person\/0fa46cb03c7e07b210c31383337aa6ee"},"breadcrumb":{"@id":"https:\/\/www.nebrija.com\/medios\/nebrijaglobalcampus\/2017\/05\/03\/alumnos-de-verdad\/#breadcrumb"},"inLanguage":"es","potentialAction":[{"@type":"ReadAction","target":["https:\/\/www.nebrija.com\/medios\/nebrijaglobalcampus\/2017\/05\/03\/alumnos-de-verdad\/"]}]},{"@type":"BreadcrumbList","@id":"https:\/\/www.nebrija.com\/medios\/nebrijaglobalcampus\/2017\/05\/03\/alumnos-de-verdad\/#breadcrumb","itemListElement":[{"@type":"ListItem","position":1,"name":"Home","item":"https:\/\/www.nebrija.com\/medios\/nebrijaglobalcampus\/"},{"@type":"ListItem","position":2,"name":"Alumnos \u00abde verdad\u201d"}]},{"@type":"WebSite","@id":"https:\/\/www.nebrija.com\/medios\/nebrijaglobalcampus\/#website","url":"https:\/\/www.nebrija.com\/medios\/nebrijaglobalcampus\/","name":"Global Campus Nebrija","description":"Profesionales capaces de hacer que merezca la pena","potentialAction":[{"@type":"SearchAction","target":{"@type":"EntryPoint","urlTemplate":"https:\/\/www.nebrija.com\/medios\/nebrijaglobalcampus\/?s={search_term_string}"},"query-input":"required name=search_term_string"}],"inLanguage":"es"},{"@type":"Person","@id":"https:\/\/www.nebrija.com\/medios\/nebrijaglobalcampus\/#\/schema\/person\/0fa46cb03c7e07b210c31383337aa6ee","name":"mgarcisa","image":{"@type":"ImageObject","inLanguage":"es","@id":"https:\/\/www.nebrija.com\/medios\/nebrijaglobalcampus\/#\/schema\/person\/image\/","url":"https:\/\/secure.gravatar.com\/avatar\/03c5100e64e7f8981aa1450029b9aae2?s=96&d=mm&r=g","contentUrl":"https:\/\/secure.gravatar.com\/avatar\/03c5100e64e7f8981aa1450029b9aae2?s=96&d=mm&r=g","caption":"mgarcisa"},"url":"https:\/\/www.nebrija.com\/medios\/nebrijaglobalcampus\/author\/mgarcisa\/"}]}},"_links":{"self":[{"href":"https:\/\/www.nebrija.com\/medios\/nebrijaglobalcampus\/wp-json\/wp\/v2\/posts\/1441"}],"collection":[{"href":"https:\/\/www.nebrija.com\/medios\/nebrijaglobalcampus\/wp-json\/wp\/v2\/posts"}],"about":[{"href":"https:\/\/www.nebrija.com\/medios\/nebrijaglobalcampus\/wp-json\/wp\/v2\/types\/post"}],"author":[{"embeddable":true,"href":"https:\/\/www.nebrija.com\/medios\/nebrijaglobalcampus\/wp-json\/wp\/v2\/users\/97"}],"replies":[{"embeddable":true,"href":"https:\/\/www.nebrija.com\/medios\/nebrijaglobalcampus\/wp-json\/wp\/v2\/comments?post=1441"}],"version-history":[{"count":5,"href":"https:\/\/www.nebrija.com\/medios\/nebrijaglobalcampus\/wp-json\/wp\/v2\/posts\/1441\/revisions"}],"predecessor-version":[{"id":1457,"href":"https:\/\/www.nebrija.com\/medios\/nebrijaglobalcampus\/wp-json\/wp\/v2\/posts\/1441\/revisions\/1457"}],"wp:featuredmedia":[{"embeddable":true,"href":"https:\/\/www.nebrija.com\/medios\/nebrijaglobalcampus\/wp-json\/wp\/v2\/media\/1450"}],"wp:attachment":[{"href":"https:\/\/www.nebrija.com\/medios\/nebrijaglobalcampus\/wp-json\/wp\/v2\/media?parent=1441"}],"wp:term":[{"taxonomy":"category","embeddable":true,"href":"https:\/\/www.nebrija.com\/medios\/nebrijaglobalcampus\/wp-json\/wp\/v2\/categories?post=1441"},{"taxonomy":"post_tag","embeddable":true,"href":"https:\/\/www.nebrija.com\/medios\/nebrijaglobalcampus\/wp-json\/wp\/v2\/tags?post=1441"}],"curies":[{"name":"wp","href":"https:\/\/api.w.org\/{rel}","templated":true}]}}