{"id":1458,"date":"2017-05-12T12:55:35","date_gmt":"2017-05-12T12:55:35","guid":{"rendered":"http:\/\/www.nebrija.com\/medios\/nebrijaglobalcampus\/?p=1458"},"modified":"2023-08-03T10:16:40","modified_gmt":"2023-08-03T10:16:40","slug":"y-tu-que-opinas","status":"publish","type":"post","link":"https:\/\/www.nebrija.com\/medios\/nebrijaglobalcampus\/2017\/05\/12\/y-tu-que-opinas\/","title":{"rendered":"Y t\u00fa&#8230; \u00bfqu\u00e9 opinas?"},"content":{"rendered":"<h5>Actualizado por Gema Civantos a fecha 03\/08\/2023.<\/h5>\n<p>Hasta no hace mucho, \u00e9ramos individuos casi completamente pasivos a la hora de opinar, y aunque ten\u00edamos nuestra opini\u00f3n respecto de algo o de alguien, la expres\u00e1bamos en c\u00edrculos peque\u00f1os, generalmente en nuestro entorno m\u00e1s cercano. Sin embargo, esto ha cambiado mucho gracias a las redes sociales. Ahora somos individuos m\u00e1s activos. Continuamente opinamos sobre cualquier asunto que nos rodea y adem\u00e1s&nbsp; compartimos nuestra opini\u00f3n con un espectro m\u00e1s amplio.<\/p>\n<p>\u00bfQui\u00e9n no ha escrito una rese\u00f1a acerca de su experiencia sobre un determinado producto? O \u00bfqui\u00e9n no se lee las opiniones de otros usuarios antes de reservar en un hotel o en un restaurante? En la actualidad las opiniones est\u00e1n muy valoradas y pueden ayudarnos (o no) a hacernos una idea sobre aquello de lo que se opina. Esta diversidad de opiniones nos enriquece.<\/p>\n<p>Pues bien, desde la Biblioteca de la Universidad Nebrija tambi\u00e9n te damos la oportunidad de opinar, claro que en este caso va a ser sobre los recursos que te ofrecemos. Vas a poder expresar lo que piensas sobre un libro o recurso, valorarlo y as\u00ed compartirlo con otros lectores. De esta forma la lectura de diferentes opiniones sobre un mismo documento puede ayudar a un lector a la hora de elegir o no un documento o un recurso determinado.<\/p>\n<p><strong><em>\u00bfC\u00f3mo puedes dejar tu opini\u00f3n?<\/em><\/strong><\/p>\n<p>Es muy sencillo. Para dar tu opini\u00f3n sobre un libro o recurso tan s\u00f3lo tienes que buscarlo en el <a href=\"https:\/\/biblioteca.nebrija.es\/cgi-bin\/opac\/\" target=\"_blank\" rel=\"noopener noreferrer\"><strong>Cat\u00e1logo-OPAC ~ Web Portal <\/strong><\/a>de la Red de Bibliotecas. En el registro que nos aparece del libro ver\u00e1s que hay varias pesta\u00f1as <em>(Ejemplares, M\u00e1s informaci\u00f3n, Opiniones);<\/em> de todas, la que nos interesa es <strong>Opiniones<\/strong><strong>.<\/strong><\/p>\n<p><a href=\"https:\/\/www.nebrija.com\/medios\/nebrijaglobalcampus\/wp-content\/uploads\/sites\/31\/2017\/05\/comentarios.jpg\"><img loading=\"lazy\" decoding=\"async\" class=\"alignnone size-full wp-image-1460\" src=\"https:\/\/www.nebrija.com\/medios\/nebrijaglobalcampus\/wp-content\/uploads\/sites\/31\/2017\/05\/comentarios.jpg\" alt=\"\" width=\"1003\" height=\"491\" srcset=\"https:\/\/www.nebrija.com\/medios\/nebrijaglobalcampus\/wp-content\/uploads\/sites\/31\/2017\/05\/comentarios.jpg 1003w, https:\/\/www.nebrija.com\/medios\/nebrijaglobalcampus\/wp-content\/uploads\/sites\/31\/2017\/05\/comentarios-300x147.jpg 300w, https:\/\/www.nebrija.com\/medios\/nebrijaglobalcampus\/wp-content\/uploads\/sites\/31\/2017\/05\/comentarios-768x376.jpg 768w\" sizes=\"(max-width: 1003px) 100vw, 1003px\" \/><\/a><\/p>\n<p style=\"text-align: center\"><strong>Imagen:<\/strong>&nbsp;Pesta\u00f1a desde la que se incluyen comentarios. &nbsp;Fuente: Cat\u00e1logo-OPAC ~ Web Portal (Red de Bibliotecas Universidad Nebrija).<\/p>\n<p>&nbsp;<\/p>\n<p>Pincha en ella y despu\u00e9s en<strong> <em>deja tu opini\u00f3n:<\/em><\/strong><\/p>\n<p><a href=\"https:\/\/www.nebrija.com\/medios\/nebrijaglobalcampus\/wp-content\/uploads\/sites\/31\/2017\/05\/deja_tu_opini\u00f3n.jpg\"><img loading=\"lazy\" decoding=\"async\" class=\"alignnone size-full wp-image-1461\" src=\"https:\/\/www.nebrija.com\/medios\/nebrijaglobalcampus\/wp-content\/uploads\/sites\/31\/2017\/05\/deja_tu_opini\u00f3n.jpg\" alt=\"\" width=\"1019\" height=\"496\" srcset=\"https:\/\/www.nebrija.com\/medios\/nebrijaglobalcampus\/wp-content\/uploads\/sites\/31\/2017\/05\/deja_tu_opini\u00f3n.jpg 1019w, https:\/\/www.nebrija.com\/medios\/nebrijaglobalcampus\/wp-content\/uploads\/sites\/31\/2017\/05\/deja_tu_opini\u00f3n-300x146.jpg 300w, https:\/\/www.nebrija.com\/medios\/nebrijaglobalcampus\/wp-content\/uploads\/sites\/31\/2017\/05\/deja_tu_opini\u00f3n-768x374.jpg 768w\" sizes=\"(max-width: 1019px) 100vw, 1019px\" \/><\/a><\/p>\n<p><strong>Imagen:<\/strong> Campos para rellenar: <strong>Fuente:<\/strong> Cat\u00e1logo-OPAC ~ Web Portal (Red de Bibliotecas Universidad Nebrija).<\/p>\n<p>&nbsp;<\/p>\n<p>Y a partir de ah\u00ed puedes dejar un breve comentario \u2013 como mucho unos 1000 caracteres \u2013&nbsp; dejando las impresiones que te ha trasmitido la lectura de esa novela, si ese libro es interesante para determinada asignatura o si la pel\u00edcula que has visto es como la esperabas o, todo lo contrario.<\/p>\n<p>Adem\u00e1s de comentarlo puedes puntuarlo usando el sistema de <strong>valoraci\u00f3n con estrellas<\/strong>, asign\u00e1ndole m\u00e1s o menos seg\u00fan la opini\u00f3n que te merezca y tu nivel de satisfacci\u00f3n. Puedes valorarlo (es obligatorio rellenar este campo) o tambi\u00e9n hacer un comentario&nbsp; (no es obligatorio) lo cual le da m\u00e1s valor, ya que toda la informaci\u00f3n que puedas aportar ayudar\u00e1 al resto de usuarios. \u00a1Y no te olvides de indicar el asunto del comentario! (es obligatorio rellenar este campo)<\/p>\n<p>Tu opini\u00f3n puede ser <strong>an\u00f3nima<\/strong> sin identificarte o si quieres que sepan que has sido t\u00fa el que ha puesto ese comentario o valoraci\u00f3n, tan s\u00f3lo tienes que identificarte en el Cat\u00e1logo-OPAC ~ Web Portal como <strong>miembro de la Comunidad Universitaria Nebrija. <\/strong>Recuerda que necesitas crearte un \u201calias\u201d, que ser\u00e1 con el que se te identifique en el comentario que hagas.<\/p>\n<p>A parte de las opiniones que quedan reflejadas en cada documento sobre el que opinas, en la p\u00e1gina principal del <a href=\"https:\/\/biblioteca.nebrija.es\/cgi-bin\/opac\/\" target=\"_blank\" rel=\"noopener noreferrer\"><strong>Cat\u00e1logo-OPAC ~ Web Portal <\/strong><\/a>de la Red de Bibliotecas dentro del espacio <strong><em>Opini\u00f3n de los lectores.<\/em><\/strong><\/p>\n<p style=\"text-align: center\"><a href=\"https:\/\/www.nebrija.com\/medios\/nebrijaglobalcampus\/wp-content\/uploads\/sites\/31\/2017\/05\/opinion_lectores.jpg\"><img loading=\"lazy\" decoding=\"async\" class=\"alignnone size-large wp-image-1462\" src=\"https:\/\/www.nebrija.com\/medios\/nebrijaglobalcampus\/wp-content\/uploads\/sites\/31\/2017\/05\/opinion_lectores-1024x576.jpg\" alt=\"\" width=\"648\" height=\"365\" srcset=\"https:\/\/www.nebrija.com\/medios\/nebrijaglobalcampus\/wp-content\/uploads\/sites\/31\/2017\/05\/opinion_lectores-1024x576.jpg 1024w, https:\/\/www.nebrija.com\/medios\/nebrijaglobalcampus\/wp-content\/uploads\/sites\/31\/2017\/05\/opinion_lectores-300x169.jpg 300w, https:\/\/www.nebrija.com\/medios\/nebrijaglobalcampus\/wp-content\/uploads\/sites\/31\/2017\/05\/opinion_lectores-768x432.jpg 768w, https:\/\/www.nebrija.com\/medios\/nebrijaglobalcampus\/wp-content\/uploads\/sites\/31\/2017\/05\/opinion_lectores.jpg 1920w\" sizes=\"(max-width: 648px) 100vw, 648px\" \/><\/a><\/p>\n<p style=\"text-align: center\"><strong>Imagen:<\/strong> Espacio Opini\u00f3n de los lectores.&nbsp;<strong>Fuente:<\/strong> Cat\u00e1logo-OPAC ~ Web Portal (Red de Bibliotecas Universidad Nebrija).<\/p>\n<p>&nbsp;<\/p>\n<p>Podr\u00e9is consultar el ranking de los recursos que han sido m\u00e1s comentados y los que han sido m\u00e1s valorados. Est\u00e1n separados en dos apartados diferentes porque lo m\u00e1s comentado no tiene porqu\u00e9 ser lo m\u00e1s valorado y viceversa. Si entras en los <strong>m\u00e1s comentados<\/strong>&nbsp;ver\u00e1s un listado que recoge aquellos documentos sobre los que m\u00e1s comentarios se han hecho. Puedes pinchar en el que te interese y ver los comentarios aportados por cada usuario y si quieres puedes aportar el tuyo. De la misma manera puedes ver cu\u00e1les han sido los documentos <strong>m\u00e1s valorados<\/strong> y si conoces alguno y todav\u00eda no lo has valorado puedes hacerlo desde aqu\u00ed. Tal vez los comentarios y valoraciones te ayuden a decidirte a consultar alguno de ellos.<\/p>\n<p>Un comentario o una valoraci\u00f3n pueden influir en la decisi\u00f3n de otros, puede ser el impulso necesario para la lectura de un libro, por lo que te animamos a colaborar en este espacio y compartir con todos tu experiencia.<\/p>\n<p>&nbsp;<\/p>\n<p><em><strong>Cristina Vi\u00f1as<\/strong><\/em><\/p>\n<p><em><strong>Servicio de Biblioteca<\/strong><\/em><\/p>\n","protected":false},"excerpt":{"rendered":"<p>Actualizado por Gema Civantos a fecha 03\/08\/2023. Hasta no hace mucho, \u00e9ramos individuos casi completamente pasivos a la hora de opinar, y aunque ten\u00edamos nuestra opini\u00f3n respecto de algo o de alguien, la expres\u00e1bamos en c\u00edrculos peque\u00f1os, generalmente en nuestro entorno m\u00e1s cercano. Sin embargo, esto ha cambiado mucho gracias a las redes sociales. Ahora [&hellip;]<\/p>\n","protected":false},"author":97,"featured_media":1463,"comment_status":"open","ping_status":"open","sticky":false,"template":"","format":"standard","meta":{"_monsterinsights_skip_tracking":false,"_monsterinsights_sitenote_active":false,"_monsterinsights_sitenote_note":"","_monsterinsights_sitenote_category":0,"footnotes":""},"categories":[71,9],"tags":[81,128,732,731,733,14],"acf":[],"yoast_head":"<!-- This site is optimized with the Yoast SEO plugin v22.1 - https:\/\/yoast.com\/wordpress\/plugins\/seo\/ -->\n<title>Y t\u00fa... \u00bfqu\u00e9 opinas? - Global Campus Nebrija<\/title>\n<meta name=\"robots\" content=\"index, follow, max-snippet:-1, max-image-preview:large, max-video-preview:-1\" \/>\n<link rel=\"canonical\" href=\"https:\/\/www.nebrija.com\/medios\/nebrijaglobalcampus\/2017\/05\/12\/y-tu-que-opinas\/\" \/>\n<meta property=\"og:locale\" content=\"es_ES\" \/>\n<meta property=\"og:type\" content=\"article\" \/>\n<meta property=\"og:title\" content=\"Y t\u00fa... \u00bfqu\u00e9 opinas? - Global Campus Nebrija\" \/>\n<meta property=\"og:description\" content=\"Actualizado por Gema Civantos a fecha 03\/08\/2023. Hasta no hace mucho, \u00e9ramos individuos casi completamente pasivos a la hora de opinar, y aunque ten\u00edamos nuestra opini\u00f3n respecto de algo o de alguien, la expres\u00e1bamos en c\u00edrculos peque\u00f1os, generalmente en nuestro entorno m\u00e1s cercano. Sin embargo, esto ha cambiado mucho gracias a las redes sociales. Ahora [&hellip;]\" \/>\n<meta property=\"og:url\" content=\"https:\/\/www.nebrija.com\/medios\/nebrijaglobalcampus\/2017\/05\/12\/y-tu-que-opinas\/\" \/>\n<meta property=\"og:site_name\" content=\"Global Campus Nebrija\" \/>\n<meta property=\"article:published_time\" content=\"2017-05-12T12:55:35+00:00\" \/>\n<meta property=\"article:modified_time\" content=\"2023-08-03T10:16:40+00:00\" \/>\n<meta property=\"og:image\" content=\"https:\/\/www.nebrija.com\/medios\/nebrijaglobalcampus\/wp-content\/uploads\/sites\/31\/2017\/05\/shutterstock_241795237b-1024x853.jpg\" \/>\n\t<meta property=\"og:image:width\" content=\"1024\" \/>\n\t<meta property=\"og:image:height\" content=\"853\" \/>\n\t<meta property=\"og:image:type\" content=\"image\/jpeg\" \/>\n<meta name=\"author\" content=\"mgarcisa\" \/>\n<meta name=\"twitter:card\" content=\"summary_large_image\" \/>\n<meta name=\"twitter:label1\" content=\"Escrito por\" \/>\n\t<meta name=\"twitter:data1\" content=\"mgarcisa\" \/>\n\t<meta name=\"twitter:label2\" content=\"Tiempo de lectura\" \/>\n\t<meta name=\"twitter:data2\" content=\"4 minutos\" \/>\n<script type=\"application\/ld+json\" class=\"yoast-schema-graph\">{\"@context\":\"https:\/\/schema.org\",\"@graph\":[{\"@type\":\"WebPage\",\"@id\":\"https:\/\/www.nebrija.com\/medios\/nebrijaglobalcampus\/2017\/05\/12\/y-tu-que-opinas\/\",\"url\":\"https:\/\/www.nebrija.com\/medios\/nebrijaglobalcampus\/2017\/05\/12\/y-tu-que-opinas\/\",\"name\":\"Y t\u00fa... \u00bfqu\u00e9 opinas? - Global Campus Nebrija\",\"isPartOf\":{\"@id\":\"https:\/\/www.nebrija.com\/medios\/nebrijaglobalcampus\/#website\"},\"datePublished\":\"2017-05-12T12:55:35+00:00\",\"dateModified\":\"2023-08-03T10:16:40+00:00\",\"author\":{\"@id\":\"https:\/\/www.nebrija.com\/medios\/nebrijaglobalcampus\/#\/schema\/person\/0fa46cb03c7e07b210c31383337aa6ee\"},\"breadcrumb\":{\"@id\":\"https:\/\/www.nebrija.com\/medios\/nebrijaglobalcampus\/2017\/05\/12\/y-tu-que-opinas\/#breadcrumb\"},\"inLanguage\":\"es\",\"potentialAction\":[{\"@type\":\"ReadAction\",\"target\":[\"https:\/\/www.nebrija.com\/medios\/nebrijaglobalcampus\/2017\/05\/12\/y-tu-que-opinas\/\"]}]},{\"@type\":\"BreadcrumbList\",\"@id\":\"https:\/\/www.nebrija.com\/medios\/nebrijaglobalcampus\/2017\/05\/12\/y-tu-que-opinas\/#breadcrumb\",\"itemListElement\":[{\"@type\":\"ListItem\",\"position\":1,\"name\":\"Home\",\"item\":\"https:\/\/www.nebrija.com\/medios\/nebrijaglobalcampus\/\"},{\"@type\":\"ListItem\",\"position\":2,\"name\":\"Y t\u00fa&#8230; \u00bfqu\u00e9 opinas?\"}]},{\"@type\":\"WebSite\",\"@id\":\"https:\/\/www.nebrija.com\/medios\/nebrijaglobalcampus\/#website\",\"url\":\"https:\/\/www.nebrija.com\/medios\/nebrijaglobalcampus\/\",\"name\":\"Global Campus Nebrija\",\"description\":\"Profesionales capaces de hacer que merezca la pena\",\"potentialAction\":[{\"@type\":\"SearchAction\",\"target\":{\"@type\":\"EntryPoint\",\"urlTemplate\":\"https:\/\/www.nebrija.com\/medios\/nebrijaglobalcampus\/?s={search_term_string}\"},\"query-input\":\"required name=search_term_string\"}],\"inLanguage\":\"es\"},{\"@type\":\"Person\",\"@id\":\"https:\/\/www.nebrija.com\/medios\/nebrijaglobalcampus\/#\/schema\/person\/0fa46cb03c7e07b210c31383337aa6ee\",\"name\":\"mgarcisa\",\"image\":{\"@type\":\"ImageObject\",\"inLanguage\":\"es\",\"@id\":\"https:\/\/www.nebrija.com\/medios\/nebrijaglobalcampus\/#\/schema\/person\/image\/\",\"url\":\"https:\/\/secure.gravatar.com\/avatar\/03c5100e64e7f8981aa1450029b9aae2?s=96&d=mm&r=g\",\"contentUrl\":\"https:\/\/secure.gravatar.com\/avatar\/03c5100e64e7f8981aa1450029b9aae2?s=96&d=mm&r=g\",\"caption\":\"mgarcisa\"},\"url\":\"https:\/\/www.nebrija.com\/medios\/nebrijaglobalcampus\/author\/mgarcisa\/\"}]}<\/script>\n<!-- \/ Yoast SEO plugin. -->","yoast_head_json":{"title":"Y t\u00fa... \u00bfqu\u00e9 opinas? - Global Campus Nebrija","robots":{"index":"index","follow":"follow","max-snippet":"max-snippet:-1","max-image-preview":"max-image-preview:large","max-video-preview":"max-video-preview:-1"},"canonical":"https:\/\/www.nebrija.com\/medios\/nebrijaglobalcampus\/2017\/05\/12\/y-tu-que-opinas\/","og_locale":"es_ES","og_type":"article","og_title":"Y t\u00fa... \u00bfqu\u00e9 opinas? - Global Campus Nebrija","og_description":"Actualizado por Gema Civantos a fecha 03\/08\/2023. Hasta no hace mucho, \u00e9ramos individuos casi completamente pasivos a la hora de opinar, y aunque ten\u00edamos nuestra opini\u00f3n respecto de algo o de alguien, la expres\u00e1bamos en c\u00edrculos peque\u00f1os, generalmente en nuestro entorno m\u00e1s cercano. Sin embargo, esto ha cambiado mucho gracias a las redes sociales. Ahora [&hellip;]","og_url":"https:\/\/www.nebrija.com\/medios\/nebrijaglobalcampus\/2017\/05\/12\/y-tu-que-opinas\/","og_site_name":"Global Campus Nebrija","article_published_time":"2017-05-12T12:55:35+00:00","article_modified_time":"2023-08-03T10:16:40+00:00","og_image":[{"width":1024,"height":853,"url":"https:\/\/www.nebrija.com\/medios\/nebrijaglobalcampus\/wp-content\/uploads\/sites\/31\/2017\/05\/shutterstock_241795237b-1024x853.jpg","type":"image\/jpeg"}],"author":"mgarcisa","twitter_card":"summary_large_image","twitter_misc":{"Escrito por":"mgarcisa","Tiempo de lectura":"4 minutos"},"schema":{"@context":"https:\/\/schema.org","@graph":[{"@type":"WebPage","@id":"https:\/\/www.nebrija.com\/medios\/nebrijaglobalcampus\/2017\/05\/12\/y-tu-que-opinas\/","url":"https:\/\/www.nebrija.com\/medios\/nebrijaglobalcampus\/2017\/05\/12\/y-tu-que-opinas\/","name":"Y t\u00fa... \u00bfqu\u00e9 opinas? - Global Campus Nebrija","isPartOf":{"@id":"https:\/\/www.nebrija.com\/medios\/nebrijaglobalcampus\/#website"},"datePublished":"2017-05-12T12:55:35+00:00","dateModified":"2023-08-03T10:16:40+00:00","author":{"@id":"https:\/\/www.nebrija.com\/medios\/nebrijaglobalcampus\/#\/schema\/person\/0fa46cb03c7e07b210c31383337aa6ee"},"breadcrumb":{"@id":"https:\/\/www.nebrija.com\/medios\/nebrijaglobalcampus\/2017\/05\/12\/y-tu-que-opinas\/#breadcrumb"},"inLanguage":"es","potentialAction":[{"@type":"ReadAction","target":["https:\/\/www.nebrija.com\/medios\/nebrijaglobalcampus\/2017\/05\/12\/y-tu-que-opinas\/"]}]},{"@type":"BreadcrumbList","@id":"https:\/\/www.nebrija.com\/medios\/nebrijaglobalcampus\/2017\/05\/12\/y-tu-que-opinas\/#breadcrumb","itemListElement":[{"@type":"ListItem","position":1,"name":"Home","item":"https:\/\/www.nebrija.com\/medios\/nebrijaglobalcampus\/"},{"@type":"ListItem","position":2,"name":"Y t\u00fa&#8230; \u00bfqu\u00e9 opinas?"}]},{"@type":"WebSite","@id":"https:\/\/www.nebrija.com\/medios\/nebrijaglobalcampus\/#website","url":"https:\/\/www.nebrija.com\/medios\/nebrijaglobalcampus\/","name":"Global Campus Nebrija","description":"Profesionales capaces de hacer que merezca la pena","potentialAction":[{"@type":"SearchAction","target":{"@type":"EntryPoint","urlTemplate":"https:\/\/www.nebrija.com\/medios\/nebrijaglobalcampus\/?s={search_term_string}"},"query-input":"required name=search_term_string"}],"inLanguage":"es"},{"@type":"Person","@id":"https:\/\/www.nebrija.com\/medios\/nebrijaglobalcampus\/#\/schema\/person\/0fa46cb03c7e07b210c31383337aa6ee","name":"mgarcisa","image":{"@type":"ImageObject","inLanguage":"es","@id":"https:\/\/www.nebrija.com\/medios\/nebrijaglobalcampus\/#\/schema\/person\/image\/","url":"https:\/\/secure.gravatar.com\/avatar\/03c5100e64e7f8981aa1450029b9aae2?s=96&d=mm&r=g","contentUrl":"https:\/\/secure.gravatar.com\/avatar\/03c5100e64e7f8981aa1450029b9aae2?s=96&d=mm&r=g","caption":"mgarcisa"},"url":"https:\/\/www.nebrija.com\/medios\/nebrijaglobalcampus\/author\/mgarcisa\/"}]}},"_links":{"self":[{"href":"https:\/\/www.nebrija.com\/medios\/nebrijaglobalcampus\/wp-json\/wp\/v2\/posts\/1458"}],"collection":[{"href":"https:\/\/www.nebrija.com\/medios\/nebrijaglobalcampus\/wp-json\/wp\/v2\/posts"}],"about":[{"href":"https:\/\/www.nebrija.com\/medios\/nebrijaglobalcampus\/wp-json\/wp\/v2\/types\/post"}],"author":[{"embeddable":true,"href":"https:\/\/www.nebrija.com\/medios\/nebrijaglobalcampus\/wp-json\/wp\/v2\/users\/97"}],"replies":[{"embeddable":true,"href":"https:\/\/www.nebrija.com\/medios\/nebrijaglobalcampus\/wp-json\/wp\/v2\/comments?post=1458"}],"version-history":[{"count":3,"href":"https:\/\/www.nebrija.com\/medios\/nebrijaglobalcampus\/wp-json\/wp\/v2\/posts\/1458\/revisions"}],"predecessor-version":[{"id":4398,"href":"https:\/\/www.nebrija.com\/medios\/nebrijaglobalcampus\/wp-json\/wp\/v2\/posts\/1458\/revisions\/4398"}],"wp:featuredmedia":[{"embeddable":true,"href":"https:\/\/www.nebrija.com\/medios\/nebrijaglobalcampus\/wp-json\/wp\/v2\/media\/1463"}],"wp:attachment":[{"href":"https:\/\/www.nebrija.com\/medios\/nebrijaglobalcampus\/wp-json\/wp\/v2\/media?parent=1458"}],"wp:term":[{"taxonomy":"category","embeddable":true,"href":"https:\/\/www.nebrija.com\/medios\/nebrijaglobalcampus\/wp-json\/wp\/v2\/categories?post=1458"},{"taxonomy":"post_tag","embeddable":true,"href":"https:\/\/www.nebrija.com\/medios\/nebrijaglobalcampus\/wp-json\/wp\/v2\/tags?post=1458"}],"curies":[{"name":"wp","href":"https:\/\/api.w.org\/{rel}","templated":true}]}}