{"id":1473,"date":"2017-06-01T09:51:39","date_gmt":"2017-06-01T09:51:39","guid":{"rendered":"http:\/\/www.nebrija.com\/medios\/nebrijaglobalcampus\/?p=1473"},"modified":"2017-06-01T09:52:43","modified_gmt":"2017-06-01T09:52:43","slug":"las-cooperativas-y-su-utilidad-para-los-freelance","status":"publish","type":"post","link":"https:\/\/www.nebrija.com\/medios\/nebrijaglobalcampus\/2017\/06\/01\/las-cooperativas-y-su-utilidad-para-los-freelance\/","title":{"rendered":"Las cooperativas y su utilidad para los freelance"},"content":{"rendered":"<p style=\"text-align: right\"><strong>Autora<\/strong>: Eva Mateos<\/p>\n<p>&nbsp;<\/p>\n<p>\u00bfTe ha picado el gusanillo del emprendimiento digital y te gustar\u00eda poner en marcha esa idea de negocio que t\u00fa y yo sabemos, pero sin asumir demasiados riesgos? \u00bfTe han llamado para dar una videoconferencia o una clase magistral y quieres saber c\u00f3mo facturar sin darte de alta como aut\u00f3nomo?<\/p>\n<p>Hay una forma no demasiado conocida para poder facturar de manera legal y segura. Si quieres saber m\u00e1s, \u00a1sigue leyendo!&nbsp;<\/p>\n<p>Que la decisi\u00f3n de comenzar tu carrera profesional como <em>freelance<\/em> no va a ser tarea f\u00e1cil, es algo con lo que ya cuentas.&nbsp; Gr\u00e1bate esto en la mente: todo lo que merece la pena requiere esfuerzo e implicaci\u00f3n.<\/p>\n<p style=\"text-align: center\"><em>Ojo:&nbsp;No debemos olvidar que hay infinidad de cuestiones que merecen MUCHO la pena y no requieren ning\u00fan esfuerzo. Recuerda aquel atardecer o esa \u00faltima velada con amigos en la que intentasteis cambiar el mundo. Querido\/a lector\/a: disfrutar de la compa\u00f1\u00eda de las personas que quieres y de los peque\u00f1os grandes placeres de la vida, merece MUCHO la pena y no requiere de ning\u00fan esfuerzo porque no supone dificultad alguna.<\/em><\/p>\n<p>En este <em>post<\/em> hablamos de esfuerzo como esa actitud que ponemos al servicio de nuestras ganas por conseguir algo que implica dificultad. Sin duda, sacar adelante un proyecto de autoempleo conlleva mucho, pero a trav\u00e9s del sistema de cooperativas de trabajo asociado, este esfuerzo (personal y econ\u00f3mico) puede ser menor.<\/p>\n<p>Imagina que eres un Community Manager &amp; Content Curator y acabas de contactar a trav\u00e9s de LinkedIn con un cliente que precisa de tu formaci\u00f3n, experiencia y talento para gestionar sus redes sociales y redactar contenidos.&nbsp; Si est\u00e1s pensando en darte de alta como aut\u00f3nomo (con todas las obligaciones fiscales que ello conlleva), pero crees que no te compensa hasta no tener m\u00e1s clientes y, por tanto, facturar m\u00e1s, esta alternativa puede ser de las m\u00e1s acertadas.<\/p>\n<p><strong>La cooperativa se encarga de darte de alta en la Seguridad Social por las horas y d\u00edas trabajados. <\/strong><\/p>\n<p>S\u00e9 tu propio jefe y tu propio trabajador sin tener que preocuparte de las declaraciones trimestrales de IVA e IRPF. En la mayor\u00eda de las cooperativas, \u00fanicamente debes realizar un pago \u00fanico de inscripci\u00f3n a la plataforma para ser socio de la misma. Pertenecer a una cooperativa de trabajo asociado no s\u00f3lo te aporta la tranquilidad de saber que es la cooperativa la que se encarga de darte de alta en la Seguridad Social por las horas y jornadas trabajadas, cotizando en el R\u00e9gimen General de la Seguridad Social (no en el RETA), sino que en muchos casos tambi\u00e9n pueden orientarte en todo lo relativo a aspectos legales y laborales.<\/p>\n<p><strong>Pero a m\u00ed\u2026 \u00bfqui\u00e9n me paga? <\/strong><\/p>\n<p>La facturaci\u00f3n la gestiona la propia cooperativa a la que perteneces y al terminar el trabajo que has venido desarrollando, y tras recibir la cooperativa el pago por parte del cliente, \u00e9sta efect\u00faa el ingreso a tu cuenta a trav\u00e9s de una n\u00f3mina en la que te descuenta la comisi\u00f3n asociada (normalmente estos costes son bajos) y los impuestos aplicables.<\/p>\n<p>Si eres fot\u00f3grafo de eventos, locutor de contenidos, traductor de idiomas o programador, y vas a realizar trabajos espor\u00e1dicos o quieres arrancar tu proyecto sin asumir demasiados costes, \u00a1\u00e9sta es una opci\u00f3n ideal!<\/p>\n<p>Y ahora que gracias a esta alternativa vamos a ganar tiempo y ahorrar dinero, \u00bfy si dedicas una peque\u00f1a parte de tu jornada a disfrutar de esas cosas que no requieren esfuerzo porque tampoco implican dificultad, y que sin embargo pueden hacerte muy feliz?<\/p>\n<p>Hoy es un buen d\u00eda para explorar ese nuevo parque que a\u00fan no conoces, para volver del trabajo caminando, para llamar a ese amigo con el que hace tiempo que no hablas y para terminar la ducha con agua fr\u00eda.&nbsp;<\/p>\n<p>\u00a1Vamos a por una jornada m\u00e1s!<\/p>\n<p>&nbsp;<\/p>\n<p><em><strong>Eva Mateos<\/strong><\/em><\/p>\n<p><em><strong>Antigua alumna del M\u00e1ster en Marketing y Publicidad Digital<\/strong><\/em><\/p>\n<p><em><strong>Community Management. Redactora y locutora de contenidos<\/strong><\/em><\/p>\n","protected":false},"excerpt":{"rendered":"<p>Autora: Eva Mateos &nbsp; \u00bfTe ha picado el gusanillo del emprendimiento digital y te gustar\u00eda poner en marcha esa idea de negocio que t\u00fa y yo sabemos, pero sin asumir demasiados riesgos? \u00bfTe han llamado para dar una videoconferencia o una clase magistral y quieres saber c\u00f3mo facturar sin darte de alta como aut\u00f3nomo? Hay [&hellip;]<\/p>\n","protected":false},"author":97,"featured_media":1490,"comment_status":"open","ping_status":"open","sticky":false,"template":"","format":"standard","meta":{"_monsterinsights_skip_tracking":false,"_monsterinsights_sitenote_active":false,"_monsterinsights_sitenote_note":"","_monsterinsights_sitenote_category":0,"footnotes":""},"categories":[9,1],"tags":[749,750,753,747,752,751,529,748],"acf":[],"yoast_head":"<!-- This site is optimized with the Yoast SEO plugin v22.1 - https:\/\/yoast.com\/wordpress\/plugins\/seo\/ -->\n<title>Las cooperativas y su utilidad para los freelance - Global Campus Nebrija<\/title>\n<meta name=\"robots\" content=\"index, follow, max-snippet:-1, max-image-preview:large, max-video-preview:-1\" \/>\n<link rel=\"canonical\" href=\"https:\/\/www.nebrija.com\/medios\/nebrijaglobalcampus\/2017\/06\/01\/las-cooperativas-y-su-utilidad-para-los-freelance\/\" \/>\n<meta property=\"og:locale\" content=\"es_ES\" \/>\n<meta property=\"og:type\" content=\"article\" \/>\n<meta property=\"og:title\" content=\"Las cooperativas y su utilidad para los freelance - Global Campus Nebrija\" \/>\n<meta property=\"og:description\" content=\"Autora: Eva Mateos &nbsp; \u00bfTe ha picado el gusanillo del emprendimiento digital y te gustar\u00eda poner en marcha esa idea de negocio que t\u00fa y yo sabemos, pero sin asumir demasiados riesgos? \u00bfTe han llamado para dar una videoconferencia o una clase magistral y quieres saber c\u00f3mo facturar sin darte de alta como aut\u00f3nomo? Hay [&hellip;]\" \/>\n<meta property=\"og:url\" content=\"https:\/\/www.nebrija.com\/medios\/nebrijaglobalcampus\/2017\/06\/01\/las-cooperativas-y-su-utilidad-para-los-freelance\/\" \/>\n<meta property=\"og:site_name\" content=\"Global Campus Nebrija\" \/>\n<meta property=\"article:published_time\" content=\"2017-06-01T09:51:39+00:00\" \/>\n<meta property=\"article:modified_time\" content=\"2017-06-01T09:52:43+00:00\" \/>\n<meta property=\"og:image\" content=\"https:\/\/www.nebrija.com\/medios\/nebrijaglobalcampus\/wp-content\/uploads\/sites\/31\/2017\/05\/shutterstock_321172454.jpg\" \/>\n\t<meta property=\"og:image:width\" content=\"5000\" \/>\n\t<meta property=\"og:image:height\" content=\"3333\" \/>\n\t<meta property=\"og:image:type\" content=\"image\/jpeg\" \/>\n<meta name=\"author\" content=\"mgarcisa\" \/>\n<meta name=\"twitter:card\" content=\"summary_large_image\" \/>\n<meta name=\"twitter:label1\" content=\"Escrito por\" \/>\n\t<meta name=\"twitter:data1\" content=\"mgarcisa\" \/>\n\t<meta name=\"twitter:label2\" content=\"Tiempo de lectura\" \/>\n\t<meta name=\"twitter:data2\" content=\"3 minutos\" \/>\n<script type=\"application\/ld+json\" class=\"yoast-schema-graph\">{\"@context\":\"https:\/\/schema.org\",\"@graph\":[{\"@type\":\"WebPage\",\"@id\":\"https:\/\/www.nebrija.com\/medios\/nebrijaglobalcampus\/2017\/06\/01\/las-cooperativas-y-su-utilidad-para-los-freelance\/\",\"url\":\"https:\/\/www.nebrija.com\/medios\/nebrijaglobalcampus\/2017\/06\/01\/las-cooperativas-y-su-utilidad-para-los-freelance\/\",\"name\":\"Las cooperativas y su utilidad para los freelance - Global Campus Nebrija\",\"isPartOf\":{\"@id\":\"https:\/\/www.nebrija.com\/medios\/nebrijaglobalcampus\/#website\"},\"datePublished\":\"2017-06-01T09:51:39+00:00\",\"dateModified\":\"2017-06-01T09:52:43+00:00\",\"author\":{\"@id\":\"https:\/\/www.nebrija.com\/medios\/nebrijaglobalcampus\/#\/schema\/person\/0fa46cb03c7e07b210c31383337aa6ee\"},\"breadcrumb\":{\"@id\":\"https:\/\/www.nebrija.com\/medios\/nebrijaglobalcampus\/2017\/06\/01\/las-cooperativas-y-su-utilidad-para-los-freelance\/#breadcrumb\"},\"inLanguage\":\"es\",\"potentialAction\":[{\"@type\":\"ReadAction\",\"target\":[\"https:\/\/www.nebrija.com\/medios\/nebrijaglobalcampus\/2017\/06\/01\/las-cooperativas-y-su-utilidad-para-los-freelance\/\"]}]},{\"@type\":\"BreadcrumbList\",\"@id\":\"https:\/\/www.nebrija.com\/medios\/nebrijaglobalcampus\/2017\/06\/01\/las-cooperativas-y-su-utilidad-para-los-freelance\/#breadcrumb\",\"itemListElement\":[{\"@type\":\"ListItem\",\"position\":1,\"name\":\"Home\",\"item\":\"https:\/\/www.nebrija.com\/medios\/nebrijaglobalcampus\/\"},{\"@type\":\"ListItem\",\"position\":2,\"name\":\"Las cooperativas y su utilidad para los freelance\"}]},{\"@type\":\"WebSite\",\"@id\":\"https:\/\/www.nebrija.com\/medios\/nebrijaglobalcampus\/#website\",\"url\":\"https:\/\/www.nebrija.com\/medios\/nebrijaglobalcampus\/\",\"name\":\"Global Campus Nebrija\",\"description\":\"Profesionales capaces de hacer que merezca la pena\",\"potentialAction\":[{\"@type\":\"SearchAction\",\"target\":{\"@type\":\"EntryPoint\",\"urlTemplate\":\"https:\/\/www.nebrija.com\/medios\/nebrijaglobalcampus\/?s={search_term_string}\"},\"query-input\":\"required name=search_term_string\"}],\"inLanguage\":\"es\"},{\"@type\":\"Person\",\"@id\":\"https:\/\/www.nebrija.com\/medios\/nebrijaglobalcampus\/#\/schema\/person\/0fa46cb03c7e07b210c31383337aa6ee\",\"name\":\"mgarcisa\",\"image\":{\"@type\":\"ImageObject\",\"inLanguage\":\"es\",\"@id\":\"https:\/\/www.nebrija.com\/medios\/nebrijaglobalcampus\/#\/schema\/person\/image\/\",\"url\":\"https:\/\/secure.gravatar.com\/avatar\/03c5100e64e7f8981aa1450029b9aae2?s=96&d=mm&r=g\",\"contentUrl\":\"https:\/\/secure.gravatar.com\/avatar\/03c5100e64e7f8981aa1450029b9aae2?s=96&d=mm&r=g\",\"caption\":\"mgarcisa\"},\"url\":\"https:\/\/www.nebrija.com\/medios\/nebrijaglobalcampus\/author\/mgarcisa\/\"}]}<\/script>\n<!-- \/ Yoast SEO plugin. -->","yoast_head_json":{"title":"Las cooperativas y su utilidad para los freelance - Global Campus Nebrija","robots":{"index":"index","follow":"follow","max-snippet":"max-snippet:-1","max-image-preview":"max-image-preview:large","max-video-preview":"max-video-preview:-1"},"canonical":"https:\/\/www.nebrija.com\/medios\/nebrijaglobalcampus\/2017\/06\/01\/las-cooperativas-y-su-utilidad-para-los-freelance\/","og_locale":"es_ES","og_type":"article","og_title":"Las cooperativas y su utilidad para los freelance - Global Campus Nebrija","og_description":"Autora: Eva Mateos &nbsp; \u00bfTe ha picado el gusanillo del emprendimiento digital y te gustar\u00eda poner en marcha esa idea de negocio que t\u00fa y yo sabemos, pero sin asumir demasiados riesgos? \u00bfTe han llamado para dar una videoconferencia o una clase magistral y quieres saber c\u00f3mo facturar sin darte de alta como aut\u00f3nomo? Hay [&hellip;]","og_url":"https:\/\/www.nebrija.com\/medios\/nebrijaglobalcampus\/2017\/06\/01\/las-cooperativas-y-su-utilidad-para-los-freelance\/","og_site_name":"Global Campus Nebrija","article_published_time":"2017-06-01T09:51:39+00:00","article_modified_time":"2017-06-01T09:52:43+00:00","og_image":[{"width":5000,"height":3333,"url":"https:\/\/www.nebrija.com\/medios\/nebrijaglobalcampus\/wp-content\/uploads\/sites\/31\/2017\/05\/shutterstock_321172454.jpg","type":"image\/jpeg"}],"author":"mgarcisa","twitter_card":"summary_large_image","twitter_misc":{"Escrito por":"mgarcisa","Tiempo de lectura":"3 minutos"},"schema":{"@context":"https:\/\/schema.org","@graph":[{"@type":"WebPage","@id":"https:\/\/www.nebrija.com\/medios\/nebrijaglobalcampus\/2017\/06\/01\/las-cooperativas-y-su-utilidad-para-los-freelance\/","url":"https:\/\/www.nebrija.com\/medios\/nebrijaglobalcampus\/2017\/06\/01\/las-cooperativas-y-su-utilidad-para-los-freelance\/","name":"Las cooperativas y su utilidad para los freelance - Global Campus Nebrija","isPartOf":{"@id":"https:\/\/www.nebrija.com\/medios\/nebrijaglobalcampus\/#website"},"datePublished":"2017-06-01T09:51:39+00:00","dateModified":"2017-06-01T09:52:43+00:00","author":{"@id":"https:\/\/www.nebrija.com\/medios\/nebrijaglobalcampus\/#\/schema\/person\/0fa46cb03c7e07b210c31383337aa6ee"},"breadcrumb":{"@id":"https:\/\/www.nebrija.com\/medios\/nebrijaglobalcampus\/2017\/06\/01\/las-cooperativas-y-su-utilidad-para-los-freelance\/#breadcrumb"},"inLanguage":"es","potentialAction":[{"@type":"ReadAction","target":["https:\/\/www.nebrija.com\/medios\/nebrijaglobalcampus\/2017\/06\/01\/las-cooperativas-y-su-utilidad-para-los-freelance\/"]}]},{"@type":"BreadcrumbList","@id":"https:\/\/www.nebrija.com\/medios\/nebrijaglobalcampus\/2017\/06\/01\/las-cooperativas-y-su-utilidad-para-los-freelance\/#breadcrumb","itemListElement":[{"@type":"ListItem","position":1,"name":"Home","item":"https:\/\/www.nebrija.com\/medios\/nebrijaglobalcampus\/"},{"@type":"ListItem","position":2,"name":"Las cooperativas y su utilidad para los freelance"}]},{"@type":"WebSite","@id":"https:\/\/www.nebrija.com\/medios\/nebrijaglobalcampus\/#website","url":"https:\/\/www.nebrija.com\/medios\/nebrijaglobalcampus\/","name":"Global Campus Nebrija","description":"Profesionales capaces de hacer que merezca la pena","potentialAction":[{"@type":"SearchAction","target":{"@type":"EntryPoint","urlTemplate":"https:\/\/www.nebrija.com\/medios\/nebrijaglobalcampus\/?s={search_term_string}"},"query-input":"required name=search_term_string"}],"inLanguage":"es"},{"@type":"Person","@id":"https:\/\/www.nebrija.com\/medios\/nebrijaglobalcampus\/#\/schema\/person\/0fa46cb03c7e07b210c31383337aa6ee","name":"mgarcisa","image":{"@type":"ImageObject","inLanguage":"es","@id":"https:\/\/www.nebrija.com\/medios\/nebrijaglobalcampus\/#\/schema\/person\/image\/","url":"https:\/\/secure.gravatar.com\/avatar\/03c5100e64e7f8981aa1450029b9aae2?s=96&d=mm&r=g","contentUrl":"https:\/\/secure.gravatar.com\/avatar\/03c5100e64e7f8981aa1450029b9aae2?s=96&d=mm&r=g","caption":"mgarcisa"},"url":"https:\/\/www.nebrija.com\/medios\/nebrijaglobalcampus\/author\/mgarcisa\/"}]}},"_links":{"self":[{"href":"https:\/\/www.nebrija.com\/medios\/nebrijaglobalcampus\/wp-json\/wp\/v2\/posts\/1473"}],"collection":[{"href":"https:\/\/www.nebrija.com\/medios\/nebrijaglobalcampus\/wp-json\/wp\/v2\/posts"}],"about":[{"href":"https:\/\/www.nebrija.com\/medios\/nebrijaglobalcampus\/wp-json\/wp\/v2\/types\/post"}],"author":[{"embeddable":true,"href":"https:\/\/www.nebrija.com\/medios\/nebrijaglobalcampus\/wp-json\/wp\/v2\/users\/97"}],"replies":[{"embeddable":true,"href":"https:\/\/www.nebrija.com\/medios\/nebrijaglobalcampus\/wp-json\/wp\/v2\/comments?post=1473"}],"version-history":[{"count":5,"href":"https:\/\/www.nebrija.com\/medios\/nebrijaglobalcampus\/wp-json\/wp\/v2\/posts\/1473\/revisions"}],"predecessor-version":[{"id":1519,"href":"https:\/\/www.nebrija.com\/medios\/nebrijaglobalcampus\/wp-json\/wp\/v2\/posts\/1473\/revisions\/1519"}],"wp:featuredmedia":[{"embeddable":true,"href":"https:\/\/www.nebrija.com\/medios\/nebrijaglobalcampus\/wp-json\/wp\/v2\/media\/1490"}],"wp:attachment":[{"href":"https:\/\/www.nebrija.com\/medios\/nebrijaglobalcampus\/wp-json\/wp\/v2\/media?parent=1473"}],"wp:term":[{"taxonomy":"category","embeddable":true,"href":"https:\/\/www.nebrija.com\/medios\/nebrijaglobalcampus\/wp-json\/wp\/v2\/categories?post=1473"},{"taxonomy":"post_tag","embeddable":true,"href":"https:\/\/www.nebrija.com\/medios\/nebrijaglobalcampus\/wp-json\/wp\/v2\/tags?post=1473"}],"curies":[{"name":"wp","href":"https:\/\/api.w.org\/{rel}","templated":true}]}}