{"id":1606,"date":"2017-07-25T06:46:57","date_gmt":"2017-07-25T06:46:57","guid":{"rendered":"http:\/\/www.nebrija.com\/medios\/nebrijaglobalcampus\/?p=1606"},"modified":"2017-07-25T06:46:57","modified_gmt":"2017-07-25T06:46:57","slug":"lo-consegui-soy-una-heroina-nebrija","status":"publish","type":"post","link":"https:\/\/www.nebrija.com\/medios\/nebrijaglobalcampus\/2017\/07\/25\/lo-consegui-soy-una-heroina-nebrija\/","title":{"rendered":"\u00a1Lo consegu\u00ed! Soy una hero\u00edna Nebrija"},"content":{"rendered":"<p>Hay decisiones que uno toma en el camino profesional que te aportan de una manera incre\u00edble, y lo mejor, es que no solo se queda en el plano de tu profesi\u00f3n, se vuelven parte de tu d\u00eda a d\u00eda, se convierte en una experiencia que nunca olvidar\u00e1s y que trae consigo a amigos y compa\u00f1eros que son para siempre.<\/p>\n<p>Hace ya 9 meses <a href=\"http:\/\/bit.ly\/2e3n9iE\" target=\"_blank\" rel=\"noopener noreferrer\">escrib\u00ed un art\u00edculo<\/a> sobre mis expectativas del <a href=\"https:\/\/www.nebrija.com\/programas-postgrado\/master\/master-marketing-publicidad-digital\/master-marketing.php\" target=\"_blank\" rel=\"noopener noreferrer\">M\u00e1ster en Marketing y Publicidad Digital<\/a>, cuando apenas ten\u00eda pocas semanas de iniciadas las clases. Hoy, puedo sentirme feliz de que justo esta semana entregu\u00e9 mi TFM y soy oficialmente una #H\u00e9roeNebrija.<\/p>\n<p>\u00a1Nebrija de mi alma! Cu\u00e1ntas cosas he aprendido en tan poco tiempo. Seguro mi t\u00edtulo saldr\u00e1 con una menci\u00f3n en \u201cAdrenalina y amanecidas\u201d porque cada fecha de entrega, cada actividad dirigida o cada examen eran puro esfuerzo y muchas ganas de enviar el mejor trabajo posible. Cada trabajo, que conllevaba un debate extremo con mi grupo (Edgar Bello, Zolange Arias, Rafael Ram\u00edrez, Joelyn Guzm\u00e1n: mis hermanos de otra madre) era un reto para hacer que nuestros pensamientos llegar\u00e1n a\u00fan m\u00e1s lejos y cada entrega demostrara nuestro talento y empe\u00f1o.<\/p>\n<p>Extra\u00f1ar\u00e9 mucho las horas de clase, las conversaciones con mis compa\u00f1eros, los correos con Mar\u00eda y Bego\u00f1a (quienes estoy loca por conocer en persona y darles un abrazo enorme), pero en cada parte de m\u00ed, se queda Nebrija plasmada.<\/p>\n<p>Si me preguntan si \u201cvale la pena estudiar <em>online<\/em> y hacer ese m\u00e1ster\u201d, les dir\u00eda que lo vale sin pensarlo dos veces. Tienes que poner mucho de ti, tienes que investigar un mont\u00f3n, tienes que probarte a ti mismo que ser un m\u00e1ster implica trabajo duro y muuucho esfuerzo. Nada de lo que he logrado en la vida que ha valido la pena lo he hecho f\u00e1cil y esto no ha sido la excepci\u00f3n, pero me queda ese sentimiento gratificante de que todo vali\u00f3 la alegr\u00eda, no la pena. Porque no hay de qu\u00e9 apenarse cuando disfrutas tanto lo que haces.<\/p>\n<p>En m\u00ed, cada uno de los que quieran estudiar tienen una gu\u00eda y una consejera sin siquiera titubear, porque les aseguro que no se arrepentir\u00e1n.<\/p>\n<p>&nbsp;<\/p>\n<p>Esta hero\u00edna se despide por el momento, llena de sue\u00f1os, de proyectos y de metas que est\u00e1 segura de que podr\u00e1 lograr. Me despido dej\u00e1ndoles este \u00faltimo mensaje: Las barreras solo son mentales. Siempre habr\u00e1 un n\u00famero infinito de posibilidades para lograr sus objetivos, as\u00ed que no desfallezcan, porque caerse es de humanos y levantarse de cada ca\u00edda, es de #H\u00e9roeNebrija.<\/p>\n<p>&nbsp;<\/p>\n<p><a href=\"https:\/\/www.nebrija.com\/medios\/nebrijaglobalcampus\/wp-content\/uploads\/sites\/31\/2017\/07\/J\u00e9ssica-D\u00edaz.jpg\"><img loading=\"lazy\" decoding=\"async\" class=\"alignnone size-full wp-image-1607\" src=\"https:\/\/www.nebrija.com\/medios\/nebrijaglobalcampus\/wp-content\/uploads\/sites\/31\/2017\/07\/J\u00e9ssica-D\u00edaz.jpg\" alt=\"\" width=\"235\" height=\"257\"><\/a><\/p>\n<p>&nbsp;<\/p>\n<p><em><strong>Jessica A. D\u00edaz Cavallo<\/strong><\/em><\/p>\n<p><em><strong>Alumna del M\u00e1ster en Marketing y Publicidad Digital<\/strong><\/em><\/p>\n<div class=\"addtoany_share_save_container addtoany_content_bottom\">&nbsp;<\/div>\n","protected":false},"excerpt":{"rendered":"<p>Hay decisiones que uno toma en el camino profesional que te aportan de una manera incre\u00edble, y lo mejor, es que no solo se queda en el plano de tu profesi\u00f3n, se vuelven parte de tu d\u00eda a d\u00eda, se convierte en una experiencia que nunca olvidar\u00e1s y que trae consigo a amigos y compa\u00f1eros [&hellip;]<\/p>\n","protected":false},"author":97,"featured_media":1637,"comment_status":"open","ping_status":"open","sticky":false,"template":"","format":"standard","meta":{"_monsterinsights_skip_tracking":false,"_monsterinsights_sitenote_active":false,"_monsterinsights_sitenote_note":"","_monsterinsights_sitenote_category":0,"footnotes":""},"categories":[9,1],"tags":[852,332,51,563,851,22,28,23],"acf":[],"yoast_head":"<!-- This site is optimized with the Yoast SEO plugin v22.1 - https:\/\/yoast.com\/wordpress\/plugins\/seo\/ -->\n<title>\u00a1Lo consegu\u00ed! Soy una hero\u00edna Nebrija - Global Campus Nebrija<\/title>\n<meta name=\"robots\" content=\"index, follow, max-snippet:-1, max-image-preview:large, max-video-preview:-1\" \/>\n<link rel=\"canonical\" href=\"https:\/\/www.nebrija.com\/medios\/nebrijaglobalcampus\/2017\/07\/25\/lo-consegui-soy-una-heroina-nebrija\/\" \/>\n<meta property=\"og:locale\" content=\"es_ES\" \/>\n<meta property=\"og:type\" content=\"article\" \/>\n<meta property=\"og:title\" content=\"\u00a1Lo consegu\u00ed! Soy una hero\u00edna Nebrija - Global Campus Nebrija\" \/>\n<meta property=\"og:description\" content=\"Hay decisiones que uno toma en el camino profesional que te aportan de una manera incre\u00edble, y lo mejor, es que no solo se queda en el plano de tu profesi\u00f3n, se vuelven parte de tu d\u00eda a d\u00eda, se convierte en una experiencia que nunca olvidar\u00e1s y que trae consigo a amigos y compa\u00f1eros [&hellip;]\" \/>\n<meta property=\"og:url\" content=\"https:\/\/www.nebrija.com\/medios\/nebrijaglobalcampus\/2017\/07\/25\/lo-consegui-soy-una-heroina-nebrija\/\" \/>\n<meta property=\"og:site_name\" content=\"Global Campus Nebrija\" \/>\n<meta property=\"article:published_time\" content=\"2017-07-25T06:46:57+00:00\" \/>\n<meta property=\"og:image\" content=\"https:\/\/www.nebrija.com\/medios\/nebrijaglobalcampus\/wp-content\/uploads\/sites\/31\/2017\/07\/shutterstock_570628189b-1024x660.jpg\" \/>\n\t<meta property=\"og:image:width\" content=\"1024\" \/>\n\t<meta property=\"og:image:height\" content=\"660\" \/>\n\t<meta property=\"og:image:type\" content=\"image\/jpeg\" \/>\n<meta name=\"author\" content=\"mgarcisa\" \/>\n<meta name=\"twitter:card\" content=\"summary_large_image\" \/>\n<meta name=\"twitter:label1\" content=\"Escrito por\" \/>\n\t<meta name=\"twitter:data1\" content=\"mgarcisa\" \/>\n\t<meta name=\"twitter:label2\" content=\"Tiempo de lectura\" \/>\n\t<meta name=\"twitter:data2\" content=\"2 minutos\" \/>\n<script type=\"application\/ld+json\" class=\"yoast-schema-graph\">{\"@context\":\"https:\/\/schema.org\",\"@graph\":[{\"@type\":\"WebPage\",\"@id\":\"https:\/\/www.nebrija.com\/medios\/nebrijaglobalcampus\/2017\/07\/25\/lo-consegui-soy-una-heroina-nebrija\/\",\"url\":\"https:\/\/www.nebrija.com\/medios\/nebrijaglobalcampus\/2017\/07\/25\/lo-consegui-soy-una-heroina-nebrija\/\",\"name\":\"\u00a1Lo consegu\u00ed! Soy una hero\u00edna Nebrija - Global Campus Nebrija\",\"isPartOf\":{\"@id\":\"https:\/\/www.nebrija.com\/medios\/nebrijaglobalcampus\/#website\"},\"datePublished\":\"2017-07-25T06:46:57+00:00\",\"dateModified\":\"2017-07-25T06:46:57+00:00\",\"author\":{\"@id\":\"https:\/\/www.nebrija.com\/medios\/nebrijaglobalcampus\/#\/schema\/person\/0fa46cb03c7e07b210c31383337aa6ee\"},\"breadcrumb\":{\"@id\":\"https:\/\/www.nebrija.com\/medios\/nebrijaglobalcampus\/2017\/07\/25\/lo-consegui-soy-una-heroina-nebrija\/#breadcrumb\"},\"inLanguage\":\"es\",\"potentialAction\":[{\"@type\":\"ReadAction\",\"target\":[\"https:\/\/www.nebrija.com\/medios\/nebrijaglobalcampus\/2017\/07\/25\/lo-consegui-soy-una-heroina-nebrija\/\"]}]},{\"@type\":\"BreadcrumbList\",\"@id\":\"https:\/\/www.nebrija.com\/medios\/nebrijaglobalcampus\/2017\/07\/25\/lo-consegui-soy-una-heroina-nebrija\/#breadcrumb\",\"itemListElement\":[{\"@type\":\"ListItem\",\"position\":1,\"name\":\"Home\",\"item\":\"https:\/\/www.nebrija.com\/medios\/nebrijaglobalcampus\/\"},{\"@type\":\"ListItem\",\"position\":2,\"name\":\"\u00a1Lo consegu\u00ed! Soy una hero\u00edna Nebrija\"}]},{\"@type\":\"WebSite\",\"@id\":\"https:\/\/www.nebrija.com\/medios\/nebrijaglobalcampus\/#website\",\"url\":\"https:\/\/www.nebrija.com\/medios\/nebrijaglobalcampus\/\",\"name\":\"Global Campus Nebrija\",\"description\":\"Profesionales capaces de hacer que merezca la pena\",\"potentialAction\":[{\"@type\":\"SearchAction\",\"target\":{\"@type\":\"EntryPoint\",\"urlTemplate\":\"https:\/\/www.nebrija.com\/medios\/nebrijaglobalcampus\/?s={search_term_string}\"},\"query-input\":\"required name=search_term_string\"}],\"inLanguage\":\"es\"},{\"@type\":\"Person\",\"@id\":\"https:\/\/www.nebrija.com\/medios\/nebrijaglobalcampus\/#\/schema\/person\/0fa46cb03c7e07b210c31383337aa6ee\",\"name\":\"mgarcisa\",\"image\":{\"@type\":\"ImageObject\",\"inLanguage\":\"es\",\"@id\":\"https:\/\/www.nebrija.com\/medios\/nebrijaglobalcampus\/#\/schema\/person\/image\/\",\"url\":\"https:\/\/secure.gravatar.com\/avatar\/03c5100e64e7f8981aa1450029b9aae2?s=96&d=mm&r=g\",\"contentUrl\":\"https:\/\/secure.gravatar.com\/avatar\/03c5100e64e7f8981aa1450029b9aae2?s=96&d=mm&r=g\",\"caption\":\"mgarcisa\"},\"url\":\"https:\/\/www.nebrija.com\/medios\/nebrijaglobalcampus\/author\/mgarcisa\/\"}]}<\/script>\n<!-- \/ Yoast SEO plugin. -->","yoast_head_json":{"title":"\u00a1Lo consegu\u00ed! Soy una hero\u00edna Nebrija - Global Campus Nebrija","robots":{"index":"index","follow":"follow","max-snippet":"max-snippet:-1","max-image-preview":"max-image-preview:large","max-video-preview":"max-video-preview:-1"},"canonical":"https:\/\/www.nebrija.com\/medios\/nebrijaglobalcampus\/2017\/07\/25\/lo-consegui-soy-una-heroina-nebrija\/","og_locale":"es_ES","og_type":"article","og_title":"\u00a1Lo consegu\u00ed! Soy una hero\u00edna Nebrija - Global Campus Nebrija","og_description":"Hay decisiones que uno toma en el camino profesional que te aportan de una manera incre\u00edble, y lo mejor, es que no solo se queda en el plano de tu profesi\u00f3n, se vuelven parte de tu d\u00eda a d\u00eda, se convierte en una experiencia que nunca olvidar\u00e1s y que trae consigo a amigos y compa\u00f1eros [&hellip;]","og_url":"https:\/\/www.nebrija.com\/medios\/nebrijaglobalcampus\/2017\/07\/25\/lo-consegui-soy-una-heroina-nebrija\/","og_site_name":"Global Campus Nebrija","article_published_time":"2017-07-25T06:46:57+00:00","og_image":[{"width":1024,"height":660,"url":"https:\/\/www.nebrija.com\/medios\/nebrijaglobalcampus\/wp-content\/uploads\/sites\/31\/2017\/07\/shutterstock_570628189b-1024x660.jpg","type":"image\/jpeg"}],"author":"mgarcisa","twitter_card":"summary_large_image","twitter_misc":{"Escrito por":"mgarcisa","Tiempo de lectura":"2 minutos"},"schema":{"@context":"https:\/\/schema.org","@graph":[{"@type":"WebPage","@id":"https:\/\/www.nebrija.com\/medios\/nebrijaglobalcampus\/2017\/07\/25\/lo-consegui-soy-una-heroina-nebrija\/","url":"https:\/\/www.nebrija.com\/medios\/nebrijaglobalcampus\/2017\/07\/25\/lo-consegui-soy-una-heroina-nebrija\/","name":"\u00a1Lo consegu\u00ed! Soy una hero\u00edna Nebrija - Global Campus Nebrija","isPartOf":{"@id":"https:\/\/www.nebrija.com\/medios\/nebrijaglobalcampus\/#website"},"datePublished":"2017-07-25T06:46:57+00:00","dateModified":"2017-07-25T06:46:57+00:00","author":{"@id":"https:\/\/www.nebrija.com\/medios\/nebrijaglobalcampus\/#\/schema\/person\/0fa46cb03c7e07b210c31383337aa6ee"},"breadcrumb":{"@id":"https:\/\/www.nebrija.com\/medios\/nebrijaglobalcampus\/2017\/07\/25\/lo-consegui-soy-una-heroina-nebrija\/#breadcrumb"},"inLanguage":"es","potentialAction":[{"@type":"ReadAction","target":["https:\/\/www.nebrija.com\/medios\/nebrijaglobalcampus\/2017\/07\/25\/lo-consegui-soy-una-heroina-nebrija\/"]}]},{"@type":"BreadcrumbList","@id":"https:\/\/www.nebrija.com\/medios\/nebrijaglobalcampus\/2017\/07\/25\/lo-consegui-soy-una-heroina-nebrija\/#breadcrumb","itemListElement":[{"@type":"ListItem","position":1,"name":"Home","item":"https:\/\/www.nebrija.com\/medios\/nebrijaglobalcampus\/"},{"@type":"ListItem","position":2,"name":"\u00a1Lo consegu\u00ed! Soy una hero\u00edna Nebrija"}]},{"@type":"WebSite","@id":"https:\/\/www.nebrija.com\/medios\/nebrijaglobalcampus\/#website","url":"https:\/\/www.nebrija.com\/medios\/nebrijaglobalcampus\/","name":"Global Campus Nebrija","description":"Profesionales capaces de hacer que merezca la pena","potentialAction":[{"@type":"SearchAction","target":{"@type":"EntryPoint","urlTemplate":"https:\/\/www.nebrija.com\/medios\/nebrijaglobalcampus\/?s={search_term_string}"},"query-input":"required name=search_term_string"}],"inLanguage":"es"},{"@type":"Person","@id":"https:\/\/www.nebrija.com\/medios\/nebrijaglobalcampus\/#\/schema\/person\/0fa46cb03c7e07b210c31383337aa6ee","name":"mgarcisa","image":{"@type":"ImageObject","inLanguage":"es","@id":"https:\/\/www.nebrija.com\/medios\/nebrijaglobalcampus\/#\/schema\/person\/image\/","url":"https:\/\/secure.gravatar.com\/avatar\/03c5100e64e7f8981aa1450029b9aae2?s=96&d=mm&r=g","contentUrl":"https:\/\/secure.gravatar.com\/avatar\/03c5100e64e7f8981aa1450029b9aae2?s=96&d=mm&r=g","caption":"mgarcisa"},"url":"https:\/\/www.nebrija.com\/medios\/nebrijaglobalcampus\/author\/mgarcisa\/"}]}},"_links":{"self":[{"href":"https:\/\/www.nebrija.com\/medios\/nebrijaglobalcampus\/wp-json\/wp\/v2\/posts\/1606"}],"collection":[{"href":"https:\/\/www.nebrija.com\/medios\/nebrijaglobalcampus\/wp-json\/wp\/v2\/posts"}],"about":[{"href":"https:\/\/www.nebrija.com\/medios\/nebrijaglobalcampus\/wp-json\/wp\/v2\/types\/post"}],"author":[{"embeddable":true,"href":"https:\/\/www.nebrija.com\/medios\/nebrijaglobalcampus\/wp-json\/wp\/v2\/users\/97"}],"replies":[{"embeddable":true,"href":"https:\/\/www.nebrija.com\/medios\/nebrijaglobalcampus\/wp-json\/wp\/v2\/comments?post=1606"}],"version-history":[{"count":2,"href":"https:\/\/www.nebrija.com\/medios\/nebrijaglobalcampus\/wp-json\/wp\/v2\/posts\/1606\/revisions"}],"predecessor-version":[{"id":1638,"href":"https:\/\/www.nebrija.com\/medios\/nebrijaglobalcampus\/wp-json\/wp\/v2\/posts\/1606\/revisions\/1638"}],"wp:featuredmedia":[{"embeddable":true,"href":"https:\/\/www.nebrija.com\/medios\/nebrijaglobalcampus\/wp-json\/wp\/v2\/media\/1637"}],"wp:attachment":[{"href":"https:\/\/www.nebrija.com\/medios\/nebrijaglobalcampus\/wp-json\/wp\/v2\/media?parent=1606"}],"wp:term":[{"taxonomy":"category","embeddable":true,"href":"https:\/\/www.nebrija.com\/medios\/nebrijaglobalcampus\/wp-json\/wp\/v2\/categories?post=1606"},{"taxonomy":"post_tag","embeddable":true,"href":"https:\/\/www.nebrija.com\/medios\/nebrijaglobalcampus\/wp-json\/wp\/v2\/tags?post=1606"}],"curies":[{"name":"wp","href":"https:\/\/api.w.org\/{rel}","templated":true}]}}