{"id":1609,"date":"2017-07-20T08:51:43","date_gmt":"2017-07-20T08:51:43","guid":{"rendered":"http:\/\/www.nebrija.com\/medios\/nebrijaglobalcampus\/?p=1609"},"modified":"2017-07-24T14:20:08","modified_gmt":"2017-07-24T14:20:08","slug":"la-transformacion-digital-una-oportunidad-para-nuestro-crecimiento-profesional","status":"publish","type":"post","link":"https:\/\/www.nebrija.com\/medios\/nebrijaglobalcampus\/2017\/07\/20\/la-transformacion-digital-una-oportunidad-para-nuestro-crecimiento-profesional\/","title":{"rendered":"La transformaci\u00f3n digital: Una oportunidad para nuestro crecimiento profesional"},"content":{"rendered":"<p style=\"text-align: right\"><strong>Autora:<\/strong> Eva Mu\u00f1oz<\/p>\n<p>&nbsp;<\/p>\n<p>Hablar de expertos en transformaci\u00f3n digital es un ox\u00edmoron. La transformaci\u00f3n digital hace que las cosas cambien muy r\u00e1pidamente y de forma inexorable. En la econom\u00eda actual, las compa\u00f1\u00edas est\u00e1n&nbsp; viviendo la transformaci\u00f3n como muchos acu\u00f1an la Cuarta Revoluci\u00f3n Industrial. Debemos entender qu\u00e9 pasa ah\u00ed fuera, conociendo el porqu\u00e9 de las cosas.<\/p>\n<p>En el \u00e1mbito educativo, no pod\u00eda ser de otra manera. Hay que saber adoptar las nuevas tecnolog\u00edas sin tenerlas miedo, sin pensar que vamos a ser sustituidos por la automatizaci\u00f3n. Las nuevas tecnolog\u00edas son una oportunidad para convertirnos en expertos, para adaptar nuestros conocimientos y transmitirlos de manera m\u00e1s intuitiva y atractiva para los alumnos.&nbsp; &nbsp;Las compa\u00f1\u00edas, sin importar el \u00e1mbito al que pertenezcan, todav\u00eda est\u00e1n luchando desde dentro, ya &nbsp;que el <em>ring<\/em> de la transformaci\u00f3n digital comienza desde el interior y debe expandirse de forma capilar hasta todos los niveles.<\/p>\n<p>Hay varias transformaciones muy importantes que se est\u00e1n realizando en la econom\u00eda y en la sociedad, y por ende en la educaci\u00f3n. Desde la revoluci\u00f3n del trabajo con el impacto que esto tiene en la transformaci\u00f3n de la sociedad, hasta revoluci\u00f3n en may\u00fasculas, la revoluci\u00f3n del transporte, que hace que se mejoren los procesos log\u00edsticos, con drones, veh\u00edculos aut\u00f3nomos\u2026 El uso de la tecnolog\u00eda, nos ayuda a hacer posible la transformaci\u00f3n digital de las compa\u00f1\u00edas y de nuestras vidas. Estamos en un momento donde no se entiende la educaci\u00f3n sin tecnolog\u00eda: se ha integrado a todos los niveles, digitalizando contenidos desde las primeras etapas educativas, pasando por la impartici\u00f3n de rob\u00f3tica y programaci\u00f3n en la etapa secundaria y bachiller hasta llegar al campo que nos ocupa, la Universidad, donde tecnolog\u00edas como <em>flipping books<\/em> o <em>flipped classrooms<\/em> est\u00e1n a la orden del d\u00eda, permitiendo una educaci\u00f3n personalizada y adaptada a las necesidades de cada alumno.<\/p>\n<p>Hablar de transformaci\u00f3n digital, es hablar de nuevas tecnolog\u00edas. La industria 4.0 va a permitir fabricar de una manera mucho m\u00e1s \u00e1gil y mucho m\u00e1s eficaz. Y ya lo estamos viendo con compa\u00f1\u00edas como Airbnb, que gracias a la infinidad de datos que maneja y a su modelo de econom\u00eda colaborativa es capaz de conectar a un usuario que se encuentra a millones de kil\u00f3metros entre s\u00ed. La inteligencia artificial y sus modelos predictivos como Spotify, que permite conocer a cada usuario de forma personalizada, conocer sus gustos y preferencias musicales. Modelos de negocio como Car2go, permite crear las famosas <em>smart cities<\/em>. Ciudades m\u00e1s sostenibles, que facilita a los usuarios disfrutar de servicios <em>commodity<\/em>. En Educaci\u00f3n, y en el caso particular de la Universidad Nebrija, aparecen plataformas como BlackBoard , con sus actualizaciones y herramientas propias, como sus <em>apps<\/em>, que permiten que la formaci\u00f3n este, literalmente, en la palma de tu mano.<\/p>\n<p>No podemos olvidar tampoco el hablar de robots o <em>chatbots<\/em>, tan \u00fatiles para la resoluci\u00f3n de dudas en el momento, &nbsp;de una manera mucho m\u00e1s eficiente y \u00e1gil, pudiendo ofrecer a los clientes servicios m\u00e1s personalizados y mucho m\u00e1s baratos. Otra de las realidades es la impresi\u00f3n 3D, ya utilizada en el \u00e1mbito sanitario, donde ya se imprimen \u00f3rganos&nbsp; funcionales en pl\u00e1stico, pr\u00f3tesis\u2026 que seguramente sean construidos en unos a\u00f1os de forma masiva. Otra de las tecnolog\u00edas, que hacen posible la transformaci\u00f3n digital, es la realidad virtual y la realidad aumentada, \u00e9stas nos permiten utilizar estas tecnolog\u00edas en el mundo del transporte y en el mundo de los servicios, adem\u00e1s de ofrecer la posibilidad de clases interactivas, donde los propios estudiantes interact\u00faen con los elementos, proporcion\u00e1ndoles una experiencia enriquecedora y que perdurara para la asimilaci\u00f3n de los contenidos. &nbsp;La experiencia de cliente est\u00e1 presente en la transformaci\u00f3n digital, y es que sin todas estas tecnolog\u00edas, no podr\u00edamos hablar de comodidades, facilidades, experiencias placenteras, divertidas\u2026 que hace m\u00e1s f\u00e1cil el consumo de servicios o productos a nuestros clientes.<\/p>\n<p>&nbsp;<\/p>\n<p>Sin duda alguna, debemos aprovechar este momento hist\u00f3rico que estamos viviendo, y sacar rendimiento a nuestro puesto de trabajo independientemente del engranaje en el que nos encontremos en la cadena de trabajo. Todos tenemos un papel importante que puede ayudar a la compa\u00f1\u00eda en la que trabajamos para que esta evolucione.<\/p>\n<p>&nbsp;<\/p>\n<p><a href=\"https:\/\/www.nebrija.com\/medios\/nebrijaglobalcampus\/wp-content\/uploads\/sites\/31\/2017\/07\/Eva-Mu\u00f1oz-2.jpg\"><img loading=\"lazy\" decoding=\"async\" class=\"alignnone wp-image-1626\" src=\"https:\/\/www.nebrija.com\/medios\/nebrijaglobalcampus\/wp-content\/uploads\/sites\/31\/2017\/07\/Eva-Mu\u00f1oz-2.jpg\" alt=\"\" width=\"218\" height=\"254\"><\/a><\/p>\n<p><em><strong>Eva Mu\u00f1oz<\/strong><\/em><\/p>\n<p><em><strong>Marketing &amp; Innovation Manager en Dufry<\/strong><\/em><\/p>\n","protected":false},"excerpt":{"rendered":"<p>Autora: Eva Mu\u00f1oz &nbsp; Hablar de expertos en transformaci\u00f3n digital es un ox\u00edmoron. La transformaci\u00f3n digital hace que las cosas cambien muy r\u00e1pidamente y de forma inexorable. En la econom\u00eda actual, las compa\u00f1\u00edas est\u00e1n&nbsp; viviendo la transformaci\u00f3n como muchos acu\u00f1an la Cuarta Revoluci\u00f3n Industrial. Debemos entender qu\u00e9 pasa ah\u00ed fuera, conociendo el porqu\u00e9 de las [&hellip;]<\/p>\n","protected":false},"author":97,"featured_media":1628,"comment_status":"open","ping_status":"open","sticky":false,"template":"","format":"standard","meta":{"_monsterinsights_skip_tracking":false,"_monsterinsights_sitenote_active":false,"_monsterinsights_sitenote_note":"","_monsterinsights_sitenote_category":0,"footnotes":""},"categories":[9,1],"tags":[845,224,116,850,414,19,453,846,28,849,848,847,111,844,26],"acf":[],"yoast_head":"<!-- This site is optimized with the Yoast SEO plugin v22.1 - https:\/\/yoast.com\/wordpress\/plugins\/seo\/ -->\n<title>La transformaci\u00f3n digital: Una oportunidad para nuestro crecimiento profesional - Global Campus Nebrija<\/title>\n<meta name=\"robots\" content=\"index, follow, max-snippet:-1, max-image-preview:large, max-video-preview:-1\" \/>\n<link rel=\"canonical\" href=\"https:\/\/www.nebrija.com\/medios\/nebrijaglobalcampus\/2017\/07\/20\/la-transformacion-digital-una-oportunidad-para-nuestro-crecimiento-profesional\/\" \/>\n<meta property=\"og:locale\" content=\"es_ES\" \/>\n<meta property=\"og:type\" content=\"article\" \/>\n<meta property=\"og:title\" content=\"La transformaci\u00f3n digital: Una oportunidad para nuestro crecimiento profesional - Global Campus Nebrija\" \/>\n<meta property=\"og:description\" content=\"Autora: Eva Mu\u00f1oz &nbsp; Hablar de expertos en transformaci\u00f3n digital es un ox\u00edmoron. La transformaci\u00f3n digital hace que las cosas cambien muy r\u00e1pidamente y de forma inexorable. En la econom\u00eda actual, las compa\u00f1\u00edas est\u00e1n&nbsp; viviendo la transformaci\u00f3n como muchos acu\u00f1an la Cuarta Revoluci\u00f3n Industrial. Debemos entender qu\u00e9 pasa ah\u00ed fuera, conociendo el porqu\u00e9 de las [&hellip;]\" \/>\n<meta property=\"og:url\" content=\"https:\/\/www.nebrija.com\/medios\/nebrijaglobalcampus\/2017\/07\/20\/la-transformacion-digital-una-oportunidad-para-nuestro-crecimiento-profesional\/\" \/>\n<meta property=\"og:site_name\" content=\"Global Campus Nebrija\" \/>\n<meta property=\"article:published_time\" content=\"2017-07-20T08:51:43+00:00\" \/>\n<meta property=\"article:modified_time\" content=\"2017-07-24T14:20:08+00:00\" \/>\n<meta property=\"og:image\" content=\"https:\/\/www.nebrija.com\/medios\/nebrijaglobalcampus\/wp-content\/uploads\/sites\/31\/2017\/07\/shutterstock_80891485-1024x683.jpg\" \/>\n\t<meta property=\"og:image:width\" content=\"1024\" \/>\n\t<meta property=\"og:image:height\" content=\"683\" \/>\n\t<meta property=\"og:image:type\" content=\"image\/jpeg\" \/>\n<meta name=\"author\" content=\"mgarcisa\" \/>\n<meta name=\"twitter:card\" content=\"summary_large_image\" \/>\n<meta name=\"twitter:label1\" content=\"Escrito por\" \/>\n\t<meta name=\"twitter:data1\" content=\"mgarcisa\" \/>\n\t<meta name=\"twitter:label2\" content=\"Tiempo de lectura\" \/>\n\t<meta name=\"twitter:data2\" content=\"4 minutos\" \/>\n<script type=\"application\/ld+json\" class=\"yoast-schema-graph\">{\"@context\":\"https:\/\/schema.org\",\"@graph\":[{\"@type\":\"WebPage\",\"@id\":\"https:\/\/www.nebrija.com\/medios\/nebrijaglobalcampus\/2017\/07\/20\/la-transformacion-digital-una-oportunidad-para-nuestro-crecimiento-profesional\/\",\"url\":\"https:\/\/www.nebrija.com\/medios\/nebrijaglobalcampus\/2017\/07\/20\/la-transformacion-digital-una-oportunidad-para-nuestro-crecimiento-profesional\/\",\"name\":\"La transformaci\u00f3n digital: Una oportunidad para nuestro crecimiento profesional - Global Campus Nebrija\",\"isPartOf\":{\"@id\":\"https:\/\/www.nebrija.com\/medios\/nebrijaglobalcampus\/#website\"},\"datePublished\":\"2017-07-20T08:51:43+00:00\",\"dateModified\":\"2017-07-24T14:20:08+00:00\",\"author\":{\"@id\":\"https:\/\/www.nebrija.com\/medios\/nebrijaglobalcampus\/#\/schema\/person\/0fa46cb03c7e07b210c31383337aa6ee\"},\"breadcrumb\":{\"@id\":\"https:\/\/www.nebrija.com\/medios\/nebrijaglobalcampus\/2017\/07\/20\/la-transformacion-digital-una-oportunidad-para-nuestro-crecimiento-profesional\/#breadcrumb\"},\"inLanguage\":\"es\",\"potentialAction\":[{\"@type\":\"ReadAction\",\"target\":[\"https:\/\/www.nebrija.com\/medios\/nebrijaglobalcampus\/2017\/07\/20\/la-transformacion-digital-una-oportunidad-para-nuestro-crecimiento-profesional\/\"]}]},{\"@type\":\"BreadcrumbList\",\"@id\":\"https:\/\/www.nebrija.com\/medios\/nebrijaglobalcampus\/2017\/07\/20\/la-transformacion-digital-una-oportunidad-para-nuestro-crecimiento-profesional\/#breadcrumb\",\"itemListElement\":[{\"@type\":\"ListItem\",\"position\":1,\"name\":\"Home\",\"item\":\"https:\/\/www.nebrija.com\/medios\/nebrijaglobalcampus\/\"},{\"@type\":\"ListItem\",\"position\":2,\"name\":\"La transformaci\u00f3n digital: Una oportunidad para nuestro crecimiento profesional\"}]},{\"@type\":\"WebSite\",\"@id\":\"https:\/\/www.nebrija.com\/medios\/nebrijaglobalcampus\/#website\",\"url\":\"https:\/\/www.nebrija.com\/medios\/nebrijaglobalcampus\/\",\"name\":\"Global Campus Nebrija\",\"description\":\"Profesionales capaces de hacer que merezca la pena\",\"potentialAction\":[{\"@type\":\"SearchAction\",\"target\":{\"@type\":\"EntryPoint\",\"urlTemplate\":\"https:\/\/www.nebrija.com\/medios\/nebrijaglobalcampus\/?s={search_term_string}\"},\"query-input\":\"required name=search_term_string\"}],\"inLanguage\":\"es\"},{\"@type\":\"Person\",\"@id\":\"https:\/\/www.nebrija.com\/medios\/nebrijaglobalcampus\/#\/schema\/person\/0fa46cb03c7e07b210c31383337aa6ee\",\"name\":\"mgarcisa\",\"image\":{\"@type\":\"ImageObject\",\"inLanguage\":\"es\",\"@id\":\"https:\/\/www.nebrija.com\/medios\/nebrijaglobalcampus\/#\/schema\/person\/image\/\",\"url\":\"https:\/\/secure.gravatar.com\/avatar\/03c5100e64e7f8981aa1450029b9aae2?s=96&d=mm&r=g\",\"contentUrl\":\"https:\/\/secure.gravatar.com\/avatar\/03c5100e64e7f8981aa1450029b9aae2?s=96&d=mm&r=g\",\"caption\":\"mgarcisa\"},\"url\":\"https:\/\/www.nebrija.com\/medios\/nebrijaglobalcampus\/author\/mgarcisa\/\"}]}<\/script>\n<!-- \/ Yoast SEO plugin. -->","yoast_head_json":{"title":"La transformaci\u00f3n digital: Una oportunidad para nuestro crecimiento profesional - Global Campus Nebrija","robots":{"index":"index","follow":"follow","max-snippet":"max-snippet:-1","max-image-preview":"max-image-preview:large","max-video-preview":"max-video-preview:-1"},"canonical":"https:\/\/www.nebrija.com\/medios\/nebrijaglobalcampus\/2017\/07\/20\/la-transformacion-digital-una-oportunidad-para-nuestro-crecimiento-profesional\/","og_locale":"es_ES","og_type":"article","og_title":"La transformaci\u00f3n digital: Una oportunidad para nuestro crecimiento profesional - Global Campus Nebrija","og_description":"Autora: Eva Mu\u00f1oz &nbsp; Hablar de expertos en transformaci\u00f3n digital es un ox\u00edmoron. La transformaci\u00f3n digital hace que las cosas cambien muy r\u00e1pidamente y de forma inexorable. En la econom\u00eda actual, las compa\u00f1\u00edas est\u00e1n&nbsp; viviendo la transformaci\u00f3n como muchos acu\u00f1an la Cuarta Revoluci\u00f3n Industrial. Debemos entender qu\u00e9 pasa ah\u00ed fuera, conociendo el porqu\u00e9 de las [&hellip;]","og_url":"https:\/\/www.nebrija.com\/medios\/nebrijaglobalcampus\/2017\/07\/20\/la-transformacion-digital-una-oportunidad-para-nuestro-crecimiento-profesional\/","og_site_name":"Global Campus Nebrija","article_published_time":"2017-07-20T08:51:43+00:00","article_modified_time":"2017-07-24T14:20:08+00:00","og_image":[{"width":1024,"height":683,"url":"https:\/\/www.nebrija.com\/medios\/nebrijaglobalcampus\/wp-content\/uploads\/sites\/31\/2017\/07\/shutterstock_80891485-1024x683.jpg","type":"image\/jpeg"}],"author":"mgarcisa","twitter_card":"summary_large_image","twitter_misc":{"Escrito por":"mgarcisa","Tiempo de lectura":"4 minutos"},"schema":{"@context":"https:\/\/schema.org","@graph":[{"@type":"WebPage","@id":"https:\/\/www.nebrija.com\/medios\/nebrijaglobalcampus\/2017\/07\/20\/la-transformacion-digital-una-oportunidad-para-nuestro-crecimiento-profesional\/","url":"https:\/\/www.nebrija.com\/medios\/nebrijaglobalcampus\/2017\/07\/20\/la-transformacion-digital-una-oportunidad-para-nuestro-crecimiento-profesional\/","name":"La transformaci\u00f3n digital: Una oportunidad para nuestro crecimiento profesional - Global Campus Nebrija","isPartOf":{"@id":"https:\/\/www.nebrija.com\/medios\/nebrijaglobalcampus\/#website"},"datePublished":"2017-07-20T08:51:43+00:00","dateModified":"2017-07-24T14:20:08+00:00","author":{"@id":"https:\/\/www.nebrija.com\/medios\/nebrijaglobalcampus\/#\/schema\/person\/0fa46cb03c7e07b210c31383337aa6ee"},"breadcrumb":{"@id":"https:\/\/www.nebrija.com\/medios\/nebrijaglobalcampus\/2017\/07\/20\/la-transformacion-digital-una-oportunidad-para-nuestro-crecimiento-profesional\/#breadcrumb"},"inLanguage":"es","potentialAction":[{"@type":"ReadAction","target":["https:\/\/www.nebrija.com\/medios\/nebrijaglobalcampus\/2017\/07\/20\/la-transformacion-digital-una-oportunidad-para-nuestro-crecimiento-profesional\/"]}]},{"@type":"BreadcrumbList","@id":"https:\/\/www.nebrija.com\/medios\/nebrijaglobalcampus\/2017\/07\/20\/la-transformacion-digital-una-oportunidad-para-nuestro-crecimiento-profesional\/#breadcrumb","itemListElement":[{"@type":"ListItem","position":1,"name":"Home","item":"https:\/\/www.nebrija.com\/medios\/nebrijaglobalcampus\/"},{"@type":"ListItem","position":2,"name":"La transformaci\u00f3n digital: Una oportunidad para nuestro crecimiento profesional"}]},{"@type":"WebSite","@id":"https:\/\/www.nebrija.com\/medios\/nebrijaglobalcampus\/#website","url":"https:\/\/www.nebrija.com\/medios\/nebrijaglobalcampus\/","name":"Global Campus Nebrija","description":"Profesionales capaces de hacer que merezca la pena","potentialAction":[{"@type":"SearchAction","target":{"@type":"EntryPoint","urlTemplate":"https:\/\/www.nebrija.com\/medios\/nebrijaglobalcampus\/?s={search_term_string}"},"query-input":"required name=search_term_string"}],"inLanguage":"es"},{"@type":"Person","@id":"https:\/\/www.nebrija.com\/medios\/nebrijaglobalcampus\/#\/schema\/person\/0fa46cb03c7e07b210c31383337aa6ee","name":"mgarcisa","image":{"@type":"ImageObject","inLanguage":"es","@id":"https:\/\/www.nebrija.com\/medios\/nebrijaglobalcampus\/#\/schema\/person\/image\/","url":"https:\/\/secure.gravatar.com\/avatar\/03c5100e64e7f8981aa1450029b9aae2?s=96&d=mm&r=g","contentUrl":"https:\/\/secure.gravatar.com\/avatar\/03c5100e64e7f8981aa1450029b9aae2?s=96&d=mm&r=g","caption":"mgarcisa"},"url":"https:\/\/www.nebrija.com\/medios\/nebrijaglobalcampus\/author\/mgarcisa\/"}]}},"_links":{"self":[{"href":"https:\/\/www.nebrija.com\/medios\/nebrijaglobalcampus\/wp-json\/wp\/v2\/posts\/1609"}],"collection":[{"href":"https:\/\/www.nebrija.com\/medios\/nebrijaglobalcampus\/wp-json\/wp\/v2\/posts"}],"about":[{"href":"https:\/\/www.nebrija.com\/medios\/nebrijaglobalcampus\/wp-json\/wp\/v2\/types\/post"}],"author":[{"embeddable":true,"href":"https:\/\/www.nebrija.com\/medios\/nebrijaglobalcampus\/wp-json\/wp\/v2\/users\/97"}],"replies":[{"embeddable":true,"href":"https:\/\/www.nebrija.com\/medios\/nebrijaglobalcampus\/wp-json\/wp\/v2\/comments?post=1609"}],"version-history":[{"count":4,"href":"https:\/\/www.nebrija.com\/medios\/nebrijaglobalcampus\/wp-json\/wp\/v2\/posts\/1609\/revisions"}],"predecessor-version":[{"id":1640,"href":"https:\/\/www.nebrija.com\/medios\/nebrijaglobalcampus\/wp-json\/wp\/v2\/posts\/1609\/revisions\/1640"}],"wp:featuredmedia":[{"embeddable":true,"href":"https:\/\/www.nebrija.com\/medios\/nebrijaglobalcampus\/wp-json\/wp\/v2\/media\/1628"}],"wp:attachment":[{"href":"https:\/\/www.nebrija.com\/medios\/nebrijaglobalcampus\/wp-json\/wp\/v2\/media?parent=1609"}],"wp:term":[{"taxonomy":"category","embeddable":true,"href":"https:\/\/www.nebrija.com\/medios\/nebrijaglobalcampus\/wp-json\/wp\/v2\/categories?post=1609"},{"taxonomy":"post_tag","embeddable":true,"href":"https:\/\/www.nebrija.com\/medios\/nebrijaglobalcampus\/wp-json\/wp\/v2\/tags?post=1609"}],"curies":[{"name":"wp","href":"https:\/\/api.w.org\/{rel}","templated":true}]}}