{"id":1641,"date":"2017-07-27T06:48:34","date_gmt":"2017-07-27T06:48:34","guid":{"rendered":"http:\/\/www.nebrija.com\/medios\/nebrijaglobalcampus\/?p=1641"},"modified":"2017-07-27T09:52:03","modified_gmt":"2017-07-27T09:52:03","slug":"aprendiendo-aleman-proyecto-de-medioambiente","status":"publish","type":"post","link":"https:\/\/www.nebrija.com\/medios\/nebrijaglobalcampus\/2017\/07\/27\/aprendiendo-aleman-proyecto-de-medioambiente\/","title":{"rendered":"Aprendiendo alem\u00e1n: Proyecto de medioambiente"},"content":{"rendered":"<p style=\"text-align: right\"><strong>Autora:<\/strong> Jutta Sch\u00fcrmanns<\/p>\n<p>&nbsp;<\/p>\n<p>Aqu\u00ed ten\u00e9is un ejemplo de <strong>proyecto<\/strong> para la <strong>lengua alemana. <\/strong>Corresponde al que se ha llevado a cabo ya en varias ocasiones con alumnos de Lenguas Modernas para el <strong>Aula Pluriling\u00fce de Medioambiente<\/strong>. Es la contribuci\u00f3n que hacemos en esta jornada del Departamento de Lenguas Aplicadas con una <strong>presentaci\u00f3n oral<\/strong> y un <strong>p\u00f3ster<\/strong> en alem\u00e1n sobre un tema del medioambiente en alguno de los pa\u00edses de lengua alemana.<\/p>\n<p>&nbsp;<\/p>\n<p><a href=\"https:\/\/www.nebrija.com\/medios\/nebrijaglobalcampus\/wp-content\/uploads\/sites\/31\/2017\/07\/Post-Jutta_01.jpg\"><img loading=\"lazy\" decoding=\"async\" class=\"size-large wp-image-1642 aligncenter\" src=\"https:\/\/www.nebrija.com\/medios\/nebrijaglobalcampus\/wp-content\/uploads\/sites\/31\/2017\/07\/Post-Jutta_01-1024x683.jpg\" alt=\"\" width=\"648\" height=\"432\"><\/a><\/p>\n<p style=\"text-align: center\"><strong>Imagen:<\/strong>&nbsp;Aula Pluriling\u00fce de Medioambiente 2016, Exposici\u00f3n de P\u00f3steres, Campus Princesa. <strong>Fuente:<\/strong> Nebrija<\/p>\n<p><em>&nbsp;<\/em><\/p>\n<p>El <strong>proyecto<\/strong> consiste en elegir un tema concreto del \u00e1mbito de <strong>medioambiente<\/strong> (en esta edici\u00f3n el tema era: <em>Comida sana: Las legumbres<\/em>) y en hacer tanto una <strong>presentaci\u00f3n oral<\/strong> como un <strong>p\u00f3ster<\/strong> que se expone y se comenta.<\/p>\n<p>El primer paso consiste en <strong>buscar informaci\u00f3n<\/strong> sobre ese tema en alem\u00e1n y en los pa\u00edses de lengua alemana, por ejemplo en <strong>Internet<\/strong>. Es preferible buscar material muy visual (fotos, gr\u00e1ficos etc.) para que la presentaci\u00f3n y el p\u00f3ster sean m\u00e1s f\u00e1ciles de entender.<\/p>\n<p>Esta b\u00fasqueda de textos y de material gr\u00e1fico en Internet es un <strong>reto de<\/strong> <strong>comprensi\u00f3n lectora<\/strong> ya que los textos o las fuentes est\u00e1n en alem\u00e1n. Sin embargo, con la metodolog\u00eda que empleamos empezando (trabajo<strong> en peque\u00f1os grupos en clase<\/strong>, <strong>palabras<\/strong> <strong>clave<\/strong> necesarios para la b\u00fasqueda), r\u00e1pidamente los alumnos son capaces de encontrar material e ideas interesantes para sus fines.<\/p>\n<p>El tema y tambi\u00e9n las p\u00e1ginas de Internet que est\u00e1n leyendo y analizando los alumnos suelen ser interesantes y atractivas lo cual facilita el trabajo de la b\u00fasqueda y lectura.<\/p>\n<p>En general, para la <strong>b\u00fasqueda<\/strong> se prestan p\u00e1ginas de Internet de <a href=\"http:\/\/www.umweltbundesamt.de\/\" target=\"_blank\" rel=\"noopener noreferrer\"><strong>ministerios de medioambiente<\/strong><\/a>, de <strong>ONG<\/strong> como <a href=\"https:\/\/www.greenpeace.de\/themen\/umwelt-gesellschaft\" target=\"_blank\" rel=\"noopener noreferrer\"><em>Greenpeace<\/em><\/a> y de otras <strong>organizaciones<\/strong> <strong>de protecci\u00f3n del medioambiente<\/strong> (en Alemania por ejemplo <a href=\"https:\/\/www.bund.net\/ueber-uns\/\" target=\"_blank\" rel=\"noopener noreferrer\"><em>BUND<\/em><\/a>) o directamente <strong>proyectos, concursos, juegos<\/strong> etc. de <a href=\"http:\/\/www.enfk.de\/Kinderwebsites\/Projekte-online\/Online-Spiel-zur-Stadt-und-gebauten-Umwelt\" target=\"_blank\" rel=\"noopener noreferrer\">medioambiente<\/a>.<\/p>\n<p>En el caso de la <strong>comida sana y las legumbres<\/strong> hay varias p\u00e1ginas interesantes como por ejemplo <a href=\"http:\/\/www.fitkid-aktion.de\/aktuelles\/aktuelles-detail\/article\/ein-hoch-auf-die-huelsenfruechte.html\" target=\"_blank\" rel=\"noopener noreferrer\">\u00e9sta <\/a>que es una <strong>campa\u00f1a<\/strong> para incitar a los <strong>ni\u00f1os<\/strong> a <strong>comer m\u00e1s sano<\/strong> y m\u00e1s legumbres.&nbsp;<\/p>\n<p>Despu\u00e9s de la recopilaci\u00f3n de textos y de otro tipo de material, los alumnos pasan a la fase de <strong>elaborar<\/strong> por un lado la <strong>presentaci\u00f3n<\/strong> <strong>oral<\/strong> (por ejemplo en Power Point) y por el otro el <strong>p\u00f3ster<\/strong>, lo cual se hace tanto en peque\u00f1os grupos en el aula como fuera de ella.<\/p>\n<p>Aqu\u00ed ten\u00e9is como ejemplo (del \u00faltimo Aula Pluriling\u00fce de 2016) el <strong>p\u00f3ster<\/strong> \u201c<strong>Man ist, was man isst<\/strong>\u201d (en espa\u00f1ol: <em>Eres lo que comes<\/em>) de Ignacio Mar\u00edn:<\/p>\n<p>&nbsp;<\/p>\n<p><a href=\"https:\/\/www.nebrija.com\/medios\/nebrijaglobalcampus\/wp-content\/uploads\/sites\/31\/2017\/07\/Post-Jutta_02.jpg\"><img loading=\"lazy\" decoding=\"async\" class=\"size-full wp-image-1643 aligncenter\" src=\"https:\/\/www.nebrija.com\/medios\/nebrijaglobalcampus\/wp-content\/uploads\/sites\/31\/2017\/07\/Post-Jutta_02.jpg\" alt=\"\" width=\"901\" height=\"637\" srcset=\"https:\/\/www.nebrija.com\/medios\/nebrijaglobalcampus\/wp-content\/uploads\/sites\/31\/2017\/07\/Post-Jutta_02.jpg 901w, https:\/\/www.nebrija.com\/medios\/nebrijaglobalcampus\/wp-content\/uploads\/sites\/31\/2017\/07\/Post-Jutta_02-300x212.jpg 300w, https:\/\/www.nebrija.com\/medios\/nebrijaglobalcampus\/wp-content\/uploads\/sites\/31\/2017\/07\/Post-Jutta_02-768x543.jpg 768w\" sizes=\"(max-width: 901px) 100vw, 901px\" \/><\/a><\/p>\n<p style=\"text-align: center\"><strong>Imagen:<\/strong> P\u00f3ster del alumno Ignacio Mar\u00edn. <strong>Fuente:<\/strong> ILM.<\/p>\n<p>&nbsp;<\/p>\n<p>He aqu\u00ed otro ejemplo, en esta caso de una <strong>presentaci\u00f3n<\/strong> <strong>oral<\/strong> el Power Point de Natalia Soleto: \u201c<strong>H\u00fclsenfr\u00fcchte sind gesund und modern<\/strong>!\u201d (en espa\u00f1ol: <em>Las legumbres son sanas y modernas<\/em>):<\/p>\n<p><a href=\"https:\/\/www.nebrija.com\/medios\/nebrijaglobalcampus\/wp-content\/uploads\/sites\/31\/2017\/07\/Post-Jutta_03.jpg\"><img loading=\"lazy\" decoding=\"async\" class=\"size-full wp-image-1644 aligncenter\" src=\"https:\/\/www.nebrija.com\/medios\/nebrijaglobalcampus\/wp-content\/uploads\/sites\/31\/2017\/07\/Post-Jutta_03.jpg\" alt=\"\" width=\"611\" height=\"424\" srcset=\"https:\/\/www.nebrija.com\/medios\/nebrijaglobalcampus\/wp-content\/uploads\/sites\/31\/2017\/07\/Post-Jutta_03.jpg 611w, https:\/\/www.nebrija.com\/medios\/nebrijaglobalcampus\/wp-content\/uploads\/sites\/31\/2017\/07\/Post-Jutta_03-300x208.jpg 300w\" sizes=\"(max-width: 611px) 100vw, 611px\" \/><\/a><\/p>\n<p style=\"text-align: center\"><strong>Imagen:<\/strong>&nbsp;Diapositiva de la presentaci\u00f3n de la alumna Natalia Soleto.&nbsp;<strong>Fuente:<\/strong>&nbsp;ILM.<\/p>\n<p>&nbsp;<\/p>\n<p>El <strong>\u00faltimo paso<\/strong> del proyecto consiste en preparar la <strong>parte oral de la presentaci\u00f3n (por ejemplo con el apoyo <\/strong>del <strong>Power Point) <\/strong>lo cual significa primero elaborar las frases que se van a decir con cada diapositiva. A continuaci\u00f3n, hay que practicar el discurso y la pronunciaci\u00f3n. A lo mejor hay que hacer tambi\u00e9n algunos ejercicios de fon\u00e9tica.<\/p>\n<p>En el caso del <strong>p\u00f3ster<\/strong> tambi\u00e9n hay que <strong>preparar algunas frases<\/strong> ejemplares para explicar el p\u00f3ster o para poder contestar a posibles preguntas en alem\u00e1n.<\/p>\n<p>As\u00ed que <strong>se aprovecha<\/strong> <strong>Internet<\/strong> para practicar la <strong>comprensi\u00f3n lectora<\/strong>, en concreto para la b\u00fasqueda de textos y del material gr\u00e1fico apropiados para el tema elegido.<\/p>\n<p>Tambi\u00e9n en la parte de la <strong>producci\u00f3n de textos<\/strong>, la elaboraci\u00f3n de la presentaci\u00f3n de Power Point y del p\u00f3ster influyen los textos encontrados en Internet ya que se utilizar\u00e1n partes de los textos encontrados, como por ejemplo t\u00e9rminos t\u00e9cnicos.<\/p>\n<p>En resumen, es un <strong>proyecto atractivo<\/strong> y sobre todo <strong>muy completo en destrezas<\/strong> como se ha podido ver. Se trabajan las competencias tanto de comprensi\u00f3n como redacci\u00f3n de textos y tambi\u00e9n la expresi\u00f3n oral. Adem\u00e1s, al final suele haber unos p\u00f3steres y unas presentaciones interesantes como resultado final.<\/p>\n<p>&nbsp;<\/p>\n<p><a href=\"https:\/\/www.nebrija.com\/medios\/nebrijaglobalcampus\/wp-content\/uploads\/sites\/31\/2017\/07\/Jutta.jpg\"><img loading=\"lazy\" decoding=\"async\" class=\"alignnone wp-image-1646\" src=\"https:\/\/www.nebrija.com\/medios\/nebrijaglobalcampus\/wp-content\/uploads\/sites\/31\/2017\/07\/Jutta-805x1024.jpg\" alt=\"\" width=\"263\" height=\"335\"><\/a><\/p>\n<p><em><strong>Jutta Sch\u00fcrmanns<\/strong><\/em><\/p>\n<p><em><strong>Profesora del&nbsp;Instituto de Lenguas Modernas (ILM)<\/strong><\/em><\/p>\n","protected":false},"excerpt":{"rendered":"<p>Autora: Jutta Sch\u00fcrmanns &nbsp; Aqu\u00ed ten\u00e9is un ejemplo de proyecto para la lengua alemana. Corresponde al que se ha llevado a cabo ya en varias ocasiones con alumnos de Lenguas Modernas para el Aula Pluriling\u00fce de Medioambiente. Es la contribuci\u00f3n que hacemos en esta jornada del Departamento de Lenguas Aplicadas con una presentaci\u00f3n oral y [&hellip;]<\/p>\n","protected":false},"author":97,"featured_media":1647,"comment_status":"open","ping_status":"open","sticky":false,"template":"","format":"standard","meta":{"_monsterinsights_skip_tracking":false,"_monsterinsights_sitenote_active":false,"_monsterinsights_sitenote_note":"","_monsterinsights_sitenote_category":0,"footnotes":""},"categories":[9,1],"tags":[854,853,856,855,55],"acf":[],"yoast_head":"<!-- This site is optimized with the Yoast SEO plugin v22.1 - https:\/\/yoast.com\/wordpress\/plugins\/seo\/ -->\n<title>Aprendiendo alem\u00e1n: Proyecto de medioambiente - Global Campus Nebrija<\/title>\n<meta name=\"robots\" content=\"index, follow, max-snippet:-1, max-image-preview:large, max-video-preview:-1\" \/>\n<link rel=\"canonical\" href=\"https:\/\/www.nebrija.com\/medios\/nebrijaglobalcampus\/2017\/07\/27\/aprendiendo-aleman-proyecto-de-medioambiente\/\" \/>\n<meta property=\"og:locale\" content=\"es_ES\" \/>\n<meta property=\"og:type\" content=\"article\" \/>\n<meta property=\"og:title\" content=\"Aprendiendo alem\u00e1n: Proyecto de medioambiente - Global Campus Nebrija\" \/>\n<meta property=\"og:description\" content=\"Autora: Jutta Sch\u00fcrmanns &nbsp; Aqu\u00ed ten\u00e9is un ejemplo de proyecto para la lengua alemana. Corresponde al que se ha llevado a cabo ya en varias ocasiones con alumnos de Lenguas Modernas para el Aula Pluriling\u00fce de Medioambiente. Es la contribuci\u00f3n que hacemos en esta jornada del Departamento de Lenguas Aplicadas con una presentaci\u00f3n oral y [&hellip;]\" \/>\n<meta property=\"og:url\" content=\"https:\/\/www.nebrija.com\/medios\/nebrijaglobalcampus\/2017\/07\/27\/aprendiendo-aleman-proyecto-de-medioambiente\/\" \/>\n<meta property=\"og:site_name\" content=\"Global Campus Nebrija\" \/>\n<meta property=\"article:published_time\" content=\"2017-07-27T06:48:34+00:00\" \/>\n<meta property=\"article:modified_time\" content=\"2017-07-27T09:52:03+00:00\" \/>\n<meta property=\"og:image\" content=\"https:\/\/www.nebrija.com\/medios\/nebrijaglobalcampus\/wp-content\/uploads\/sites\/31\/2017\/07\/shutterstock_301431221-1024x768.jpg\" \/>\n\t<meta property=\"og:image:width\" content=\"1024\" \/>\n\t<meta property=\"og:image:height\" content=\"768\" \/>\n\t<meta property=\"og:image:type\" content=\"image\/jpeg\" \/>\n<meta name=\"author\" content=\"mgarcisa\" \/>\n<meta name=\"twitter:card\" content=\"summary_large_image\" \/>\n<meta name=\"twitter:label1\" content=\"Escrito por\" \/>\n\t<meta name=\"twitter:data1\" content=\"mgarcisa\" \/>\n\t<meta name=\"twitter:label2\" content=\"Tiempo de lectura\" \/>\n\t<meta name=\"twitter:data2\" content=\"4 minutos\" \/>\n<script type=\"application\/ld+json\" class=\"yoast-schema-graph\">{\"@context\":\"https:\/\/schema.org\",\"@graph\":[{\"@type\":\"WebPage\",\"@id\":\"https:\/\/www.nebrija.com\/medios\/nebrijaglobalcampus\/2017\/07\/27\/aprendiendo-aleman-proyecto-de-medioambiente\/\",\"url\":\"https:\/\/www.nebrija.com\/medios\/nebrijaglobalcampus\/2017\/07\/27\/aprendiendo-aleman-proyecto-de-medioambiente\/\",\"name\":\"Aprendiendo alem\u00e1n: Proyecto de medioambiente - Global Campus Nebrija\",\"isPartOf\":{\"@id\":\"https:\/\/www.nebrija.com\/medios\/nebrijaglobalcampus\/#website\"},\"datePublished\":\"2017-07-27T06:48:34+00:00\",\"dateModified\":\"2017-07-27T09:52:03+00:00\",\"author\":{\"@id\":\"https:\/\/www.nebrija.com\/medios\/nebrijaglobalcampus\/#\/schema\/person\/0fa46cb03c7e07b210c31383337aa6ee\"},\"breadcrumb\":{\"@id\":\"https:\/\/www.nebrija.com\/medios\/nebrijaglobalcampus\/2017\/07\/27\/aprendiendo-aleman-proyecto-de-medioambiente\/#breadcrumb\"},\"inLanguage\":\"es\",\"potentialAction\":[{\"@type\":\"ReadAction\",\"target\":[\"https:\/\/www.nebrija.com\/medios\/nebrijaglobalcampus\/2017\/07\/27\/aprendiendo-aleman-proyecto-de-medioambiente\/\"]}]},{\"@type\":\"BreadcrumbList\",\"@id\":\"https:\/\/www.nebrija.com\/medios\/nebrijaglobalcampus\/2017\/07\/27\/aprendiendo-aleman-proyecto-de-medioambiente\/#breadcrumb\",\"itemListElement\":[{\"@type\":\"ListItem\",\"position\":1,\"name\":\"Home\",\"item\":\"https:\/\/www.nebrija.com\/medios\/nebrijaglobalcampus\/\"},{\"@type\":\"ListItem\",\"position\":2,\"name\":\"Aprendiendo alem\u00e1n: Proyecto de medioambiente\"}]},{\"@type\":\"WebSite\",\"@id\":\"https:\/\/www.nebrija.com\/medios\/nebrijaglobalcampus\/#website\",\"url\":\"https:\/\/www.nebrija.com\/medios\/nebrijaglobalcampus\/\",\"name\":\"Global Campus Nebrija\",\"description\":\"Profesionales capaces de hacer que merezca la pena\",\"potentialAction\":[{\"@type\":\"SearchAction\",\"target\":{\"@type\":\"EntryPoint\",\"urlTemplate\":\"https:\/\/www.nebrija.com\/medios\/nebrijaglobalcampus\/?s={search_term_string}\"},\"query-input\":\"required name=search_term_string\"}],\"inLanguage\":\"es\"},{\"@type\":\"Person\",\"@id\":\"https:\/\/www.nebrija.com\/medios\/nebrijaglobalcampus\/#\/schema\/person\/0fa46cb03c7e07b210c31383337aa6ee\",\"name\":\"mgarcisa\",\"image\":{\"@type\":\"ImageObject\",\"inLanguage\":\"es\",\"@id\":\"https:\/\/www.nebrija.com\/medios\/nebrijaglobalcampus\/#\/schema\/person\/image\/\",\"url\":\"https:\/\/secure.gravatar.com\/avatar\/03c5100e64e7f8981aa1450029b9aae2?s=96&d=mm&r=g\",\"contentUrl\":\"https:\/\/secure.gravatar.com\/avatar\/03c5100e64e7f8981aa1450029b9aae2?s=96&d=mm&r=g\",\"caption\":\"mgarcisa\"},\"url\":\"https:\/\/www.nebrija.com\/medios\/nebrijaglobalcampus\/author\/mgarcisa\/\"}]}<\/script>\n<!-- \/ Yoast SEO plugin. -->","yoast_head_json":{"title":"Aprendiendo alem\u00e1n: Proyecto de medioambiente - Global Campus Nebrija","robots":{"index":"index","follow":"follow","max-snippet":"max-snippet:-1","max-image-preview":"max-image-preview:large","max-video-preview":"max-video-preview:-1"},"canonical":"https:\/\/www.nebrija.com\/medios\/nebrijaglobalcampus\/2017\/07\/27\/aprendiendo-aleman-proyecto-de-medioambiente\/","og_locale":"es_ES","og_type":"article","og_title":"Aprendiendo alem\u00e1n: Proyecto de medioambiente - Global Campus Nebrija","og_description":"Autora: Jutta Sch\u00fcrmanns &nbsp; Aqu\u00ed ten\u00e9is un ejemplo de proyecto para la lengua alemana. Corresponde al que se ha llevado a cabo ya en varias ocasiones con alumnos de Lenguas Modernas para el Aula Pluriling\u00fce de Medioambiente. Es la contribuci\u00f3n que hacemos en esta jornada del Departamento de Lenguas Aplicadas con una presentaci\u00f3n oral y [&hellip;]","og_url":"https:\/\/www.nebrija.com\/medios\/nebrijaglobalcampus\/2017\/07\/27\/aprendiendo-aleman-proyecto-de-medioambiente\/","og_site_name":"Global Campus Nebrija","article_published_time":"2017-07-27T06:48:34+00:00","article_modified_time":"2017-07-27T09:52:03+00:00","og_image":[{"width":1024,"height":768,"url":"https:\/\/www.nebrija.com\/medios\/nebrijaglobalcampus\/wp-content\/uploads\/sites\/31\/2017\/07\/shutterstock_301431221-1024x768.jpg","type":"image\/jpeg"}],"author":"mgarcisa","twitter_card":"summary_large_image","twitter_misc":{"Escrito por":"mgarcisa","Tiempo de lectura":"4 minutos"},"schema":{"@context":"https:\/\/schema.org","@graph":[{"@type":"WebPage","@id":"https:\/\/www.nebrija.com\/medios\/nebrijaglobalcampus\/2017\/07\/27\/aprendiendo-aleman-proyecto-de-medioambiente\/","url":"https:\/\/www.nebrija.com\/medios\/nebrijaglobalcampus\/2017\/07\/27\/aprendiendo-aleman-proyecto-de-medioambiente\/","name":"Aprendiendo alem\u00e1n: Proyecto de medioambiente - Global Campus Nebrija","isPartOf":{"@id":"https:\/\/www.nebrija.com\/medios\/nebrijaglobalcampus\/#website"},"datePublished":"2017-07-27T06:48:34+00:00","dateModified":"2017-07-27T09:52:03+00:00","author":{"@id":"https:\/\/www.nebrija.com\/medios\/nebrijaglobalcampus\/#\/schema\/person\/0fa46cb03c7e07b210c31383337aa6ee"},"breadcrumb":{"@id":"https:\/\/www.nebrija.com\/medios\/nebrijaglobalcampus\/2017\/07\/27\/aprendiendo-aleman-proyecto-de-medioambiente\/#breadcrumb"},"inLanguage":"es","potentialAction":[{"@type":"ReadAction","target":["https:\/\/www.nebrija.com\/medios\/nebrijaglobalcampus\/2017\/07\/27\/aprendiendo-aleman-proyecto-de-medioambiente\/"]}]},{"@type":"BreadcrumbList","@id":"https:\/\/www.nebrija.com\/medios\/nebrijaglobalcampus\/2017\/07\/27\/aprendiendo-aleman-proyecto-de-medioambiente\/#breadcrumb","itemListElement":[{"@type":"ListItem","position":1,"name":"Home","item":"https:\/\/www.nebrija.com\/medios\/nebrijaglobalcampus\/"},{"@type":"ListItem","position":2,"name":"Aprendiendo alem\u00e1n: Proyecto de medioambiente"}]},{"@type":"WebSite","@id":"https:\/\/www.nebrija.com\/medios\/nebrijaglobalcampus\/#website","url":"https:\/\/www.nebrija.com\/medios\/nebrijaglobalcampus\/","name":"Global Campus Nebrija","description":"Profesionales capaces de hacer que merezca la pena","potentialAction":[{"@type":"SearchAction","target":{"@type":"EntryPoint","urlTemplate":"https:\/\/www.nebrija.com\/medios\/nebrijaglobalcampus\/?s={search_term_string}"},"query-input":"required name=search_term_string"}],"inLanguage":"es"},{"@type":"Person","@id":"https:\/\/www.nebrija.com\/medios\/nebrijaglobalcampus\/#\/schema\/person\/0fa46cb03c7e07b210c31383337aa6ee","name":"mgarcisa","image":{"@type":"ImageObject","inLanguage":"es","@id":"https:\/\/www.nebrija.com\/medios\/nebrijaglobalcampus\/#\/schema\/person\/image\/","url":"https:\/\/secure.gravatar.com\/avatar\/03c5100e64e7f8981aa1450029b9aae2?s=96&d=mm&r=g","contentUrl":"https:\/\/secure.gravatar.com\/avatar\/03c5100e64e7f8981aa1450029b9aae2?s=96&d=mm&r=g","caption":"mgarcisa"},"url":"https:\/\/www.nebrija.com\/medios\/nebrijaglobalcampus\/author\/mgarcisa\/"}]}},"_links":{"self":[{"href":"https:\/\/www.nebrija.com\/medios\/nebrijaglobalcampus\/wp-json\/wp\/v2\/posts\/1641"}],"collection":[{"href":"https:\/\/www.nebrija.com\/medios\/nebrijaglobalcampus\/wp-json\/wp\/v2\/posts"}],"about":[{"href":"https:\/\/www.nebrija.com\/medios\/nebrijaglobalcampus\/wp-json\/wp\/v2\/types\/post"}],"author":[{"embeddable":true,"href":"https:\/\/www.nebrija.com\/medios\/nebrijaglobalcampus\/wp-json\/wp\/v2\/users\/97"}],"replies":[{"embeddable":true,"href":"https:\/\/www.nebrija.com\/medios\/nebrijaglobalcampus\/wp-json\/wp\/v2\/comments?post=1641"}],"version-history":[{"count":9,"href":"https:\/\/www.nebrija.com\/medios\/nebrijaglobalcampus\/wp-json\/wp\/v2\/posts\/1641\/revisions"}],"predecessor-version":[{"id":1657,"href":"https:\/\/www.nebrija.com\/medios\/nebrijaglobalcampus\/wp-json\/wp\/v2\/posts\/1641\/revisions\/1657"}],"wp:featuredmedia":[{"embeddable":true,"href":"https:\/\/www.nebrija.com\/medios\/nebrijaglobalcampus\/wp-json\/wp\/v2\/media\/1647"}],"wp:attachment":[{"href":"https:\/\/www.nebrija.com\/medios\/nebrijaglobalcampus\/wp-json\/wp\/v2\/media?parent=1641"}],"wp:term":[{"taxonomy":"category","embeddable":true,"href":"https:\/\/www.nebrija.com\/medios\/nebrijaglobalcampus\/wp-json\/wp\/v2\/categories?post=1641"},{"taxonomy":"post_tag","embeddable":true,"href":"https:\/\/www.nebrija.com\/medios\/nebrijaglobalcampus\/wp-json\/wp\/v2\/tags?post=1641"}],"curies":[{"name":"wp","href":"https:\/\/api.w.org\/{rel}","templated":true}]}}