{"id":2583,"date":"2019-06-06T08:07:03","date_gmt":"2019-06-06T08:07:03","guid":{"rendered":"https:\/\/www.nebrija.com\/medios\/nebrijaglobalcampus\/?p=2583"},"modified":"2023-08-01T11:11:29","modified_gmt":"2023-08-01T11:11:29","slug":"imprescindibles-nuestras-revistas-favoritas-en-educacion","status":"publish","type":"post","link":"https:\/\/www.nebrija.com\/medios\/nebrijaglobalcampus\/2019\/06\/06\/imprescindibles-nuestras-revistas-favoritas-en-educacion\/","title":{"rendered":"Imprescindibles: nuestras revistas favoritas en Educaci\u00f3n"},"content":{"rendered":"<h5>Actualizado por B\u00e1rbara Esteva Garc\u00eda a fecha 01\/08\/2023.<\/h5>\n<p>Si eres profesor o est\u00e1s estudiando alg\u00fan programa en el \u00e1rea de <strong>Educaci\u00f3n<\/strong>, ya sea un grado, un m\u00e1ster, o un curso especializado, y tanto si lo haces de manera presencial como a distancia, la Biblioteca pone a tu disposici\u00f3n una serie de revistas y publicaciones peri\u00f3dicas que te ayudar\u00e1n a completar tu formaci\u00f3n o tu investigaci\u00f3n.<\/p>\n<p><a href=\"https:\/\/www.nebrija.com\/medios\/nebrijaglobalcampus\/wp-content\/uploads\/sites\/31\/2019\/06\/Imagen_01-1.jpg\"><img loading=\"lazy\" decoding=\"async\" class=\" wp-image-4342 aligncenter\" src=\"https:\/\/www.nebrija.com\/medios\/nebrijaglobalcampus\/wp-content\/uploads\/sites\/31\/2019\/06\/Imagen_01-1.jpg\" alt=\"\" width=\"449\" height=\"302\" srcset=\"https:\/\/www.nebrija.com\/medios\/nebrijaglobalcampus\/wp-content\/uploads\/sites\/31\/2019\/06\/Imagen_01-1.jpg 850w, https:\/\/www.nebrija.com\/medios\/nebrijaglobalcampus\/wp-content\/uploads\/sites\/31\/2019\/06\/Imagen_01-1-300x202.jpg 300w, https:\/\/www.nebrija.com\/medios\/nebrijaglobalcampus\/wp-content\/uploads\/sites\/31\/2019\/06\/Imagen_01-1-768x517.jpg 768w\" sizes=\"(max-width: 449px) 100vw, 449px\" \/><\/a><\/p>\n<p style=\"text-align: center\"><strong>Imagen<\/strong>: Revistas y recursos sobre educaci\u00f3n. <strong>Fuente<\/strong>: Elaboraci\u00f3n propia<\/p>\n<p>&nbsp;<\/p>\n<p>Dentro del \u00e1rea de Educaci\u00f3n, tenemos <a href=\"https:\/\/biblioteca.nebrija.es\/cgi-bin\/opac\/?ACC=DOSEARCH&amp;xsqf99=((periodicas).mate. y (educacion).t994. y (impreso).tit.)\" target=\"_blank\" rel=\"noopener noreferrer\" data-wplink-url-error=\"true\"><strong><em>revistas suscritas en papel<\/em><\/strong><\/a> que encontrar\u00e1s, en su mayor\u00eda, disponibles en la Hemeroteca de la sucursal de Arturo Soria. Estas revistas pueden consultarse en sala, pero no se prestan, por lo que, si te interesa consultar alguna, tendr\u00e1s que acercarte a la Biblioteca y pasar un rato hojeando la secci\u00f3n de revistas. Seguro que descubrir\u00e1s m\u00e1s de una sorpresa que no esperabas encontrar, \u00a1las visitas a la Biblioteca nunca son infructuosas!<\/p>\n<p>&nbsp;<\/p>\n<p>En un <em>post<\/em> anterior os explic\u00e1bamos c\u00f3mo localizar las revistas impresas en la Biblioteca a trav\u00e9s del cat\u00e1logo, puedes consultarlo si tienes dudas al respecto: <strong><em>\u201c<a href=\"https:\/\/www.nebrija.com\/medios\/nebrijaglobalcampus\/2018\/06\/12\/ya-ha-llegado-el-ultimo-numero-de-mi-revista\/\" target=\"_blank\" rel=\"noopener noreferrer\">\u00bfYa ha llegado mi \u00faltimo n\u00famero de \u2018mi\u2019 revista?<\/a>\u201d<\/em> <\/strong><\/p>\n<p>&nbsp;<\/p>\n<p>Pero si no tienes tiempo de pasarte por nuestras instalaciones, o simplemente est\u00e1s estudiando a distancia, te ofrecemos una serie de <a href=\"https:\/\/biblioteca.nebrija.es\/cgi-bin\/opac\/?ACC=DOSEARCH&amp;xsqf99=((periodicas).mate. y (educacion).t994. y (electronico).tit.)\" target=\"_blank\" rel=\"noopener noreferrer\" data-wplink-url-error=\"true\"><strong><em>revistas electr\u00f3nicas<\/em><\/strong><\/a> relacionadas con el \u00e1rea de Educaci\u00f3n a las que puedes acceder desde nuestro <strong>Cat\u00e1logo-OPAC ~ Web Portal.<\/strong><\/p>\n<p>&nbsp;<\/p>\n<p>Muchas de estas publicaciones electr\u00f3nicas son recursos accesibles de manera gratuita que est\u00e1n disponibles <strong>en abierto<\/strong> en Internet; lo interesante es que nosotros hacemos una cuidada selecci\u00f3n a medida de las necesidades docentes y discentes y elegimos las mejores para ofrec\u00e9rtelas todas localizables y accesibles desde nuestro cat\u00e1logo, sin que tengas que navegar por la red para encontrar lo que est\u00e1s buscando.<\/p>\n<p>&nbsp;<\/p>\n<p>Adem\u00e1s de estas revistas <em>\u2018open access\u2019<\/em>, ponemos tambi\u00e9n a tu disposici\u00f3n una serie de publicaciones que entran a formar parte de nuestra colecci\u00f3n por suscripci\u00f3n o compra. Seleccionadas tras un minucioso estudio y en base a su valor cient\u00edfico y educativo, estas revistas son de <strong>acceso restringido<\/strong> para los usuarios de la Universidad Nebrija, ya que suponen un coste adicional a veces bastante elevado.<\/p>\n<p>&nbsp;<\/p>\n<p>Para hacer que la b\u00fasqueda y localizaci\u00f3n de toda esta informaci\u00f3n sea m\u00e1s sencilla, navegando por nuestra p\u00e1gina de revistas puedes acceder a <a href=\"https:\/\/biblioteca.nebrija.es\/cgi-bin\/opac?ACC=258&amp;DI=670\" target=\"_blank\" rel=\"noopener noreferrer\"><strong>todas las publicaciones del \u00e1rea de Educaci\u00f3n<\/strong><\/a> con un solo <em>clic.<\/em><\/p>\n<p>&nbsp;<\/p>\n<p>De todos estos recursos, vamos a destacar <strong>una selecci\u00f3n <\/strong>de publicaciones que re\u00fanen una serie de caracter\u00edsticas y que consideramos merece la pena entrar en detalle a conocerlas, por varios factores como su inter\u00e9s acad\u00e9mico, el factor de impacto, su rigor cient\u00edfico, la posibilidad de acceder electr\u00f3nicamente a texto completo a las mismas, etc.<\/p>\n<p>&nbsp;<\/p>\n<p><a href=\"https:\/\/biblioteca.nebrija.es\/cgi-bin\/opac\/?TITN=56730\" target=\"_blank\" rel=\"noopener noreferrer\"><strong><em>Cuadernos de pedagog\u00eda<\/em><\/strong><\/a><em>: <\/em>Se trata de una revista educativa que recoge toda la actualidad del sector de la ense\u00f1anza, con art\u00edculos de opini\u00f3n, entrevistas, reportajes, temas monogr\u00e1ficos, novedades bibliogr\u00e1ficas y materiales multimedia. Se complementa con un espacio web espec\u00edfico para profesores.<\/p>\n<p>Est\u00e1 disponible en papel desde enero de 2015 a febrero de 2022 en el Dep\u00f3sito ubicado en el campus de Ciencias de la Vida. Accesible tambi\u00e9n en formato electr\u00f3nico a trav\u00e9s del portal Web Cuadernos de Pedagog\u00eda.<\/p>\n<p><a href=\"https:\/\/www.nebrija.com\/medios\/nebrijaglobalcampus\/wp-content\/uploads\/sites\/31\/2019\/06\/Imagen_03-scaled.jpg\"><img loading=\"lazy\" decoding=\"async\" class=\" wp-image-4343 aligncenter\" src=\"https:\/\/www.nebrija.com\/medios\/nebrijaglobalcampus\/wp-content\/uploads\/sites\/31\/2019\/06\/Imagen_03-717x1024.jpg\" alt=\"\" width=\"272\" height=\"389\"><\/a><\/p>\n<p style=\"text-align: center\"><strong>Imagen<\/strong>: Cubierta de la revista Cuadernos de Pedagog\u00eda.&nbsp;<strong>Fuente<\/strong>: Cuadernos de Pedagog\u00eda<\/p>\n<p><em>&nbsp;<\/em><\/p>\n<p><strong><em><a href=\"https:\/\/biblioteca.nebrija.es\/cgi-bin\/opac\/?TITN=101350\" target=\"_blank\" rel=\"noopener noreferrer\">European&nbsp;Early Childhood&nbsp;Education Research Journal<\/a>: <\/em><\/strong>Es una revista internacional que tiene como objetivo proporcionar un foro para la publicaci\u00f3n de investigaciones originales sobre la educaci\u00f3n infantil en Europa, con un enfoque multidisciplinario abarcando todos los campos relacionados, incluyendo la psicolog\u00eda, la sociolog\u00eda, la salud infantil y el trabajo social.<\/p>\n<p>Con una periodicidad bimestral, aparece publicada por Taylor and Francis desde 1993, y est\u00e1 disponible en formato electr\u00f3nico a texto completo desde 1997 a trav\u00e9s de nuestro cat\u00e1logo.<\/p>\n<p style=\"text-align: center\"><a href=\"https:\/\/www.nebrija.com\/medios\/nebrijaglobalcampus\/wp-content\/uploads\/sites\/31\/2019\/06\/Imagen_04.jpg\"><img loading=\"lazy\" decoding=\"async\" class=\"alignnone  wp-image-4344\" src=\"https:\/\/www.nebrija.com\/medios\/nebrijaglobalcampus\/wp-content\/uploads\/sites\/31\/2019\/06\/Imagen_04.jpg\" alt=\"\" width=\"256\" height=\"365\" srcset=\"https:\/\/www.nebrija.com\/medios\/nebrijaglobalcampus\/wp-content\/uploads\/sites\/31\/2019\/06\/Imagen_04.jpg 500w, https:\/\/www.nebrija.com\/medios\/nebrijaglobalcampus\/wp-content\/uploads\/sites\/31\/2019\/06\/Imagen_04-211x300.jpg 211w\" sizes=\"(max-width: 256px) 100vw, 256px\" \/><\/a><\/p>\n<p style=\"text-align: center\"><strong>Imagen<\/strong>: Cubierta de la revista European Early Childhood Education Research Journal.&nbsp;<strong>Fuente<\/strong>: Taylor &amp; Francis<\/p>\n<p>&nbsp;<\/p>\n<p><em><strong><a href=\"https:\/\/biblioteca.nebrija.es\/cgi-bin\/opac\/?TITN=81548\" target=\"_blank\" rel=\"noopener noreferrer\">Infancia y aprendizaje: journal for the study of education and development<\/a>: <\/strong><\/em>Esta publicaci\u00f3n internacional de psicolog\u00eda del desarrollo y de la educaci\u00f3n admite enfoques tanto de investigaci\u00f3n b\u00e1sica sobre los procesos de aprendizaje y desarrollo en el ser humano, como de investigaci\u00f3n aplicada y de intervenci\u00f3n en los \u00e1mbitos educativos, a lo largo de todo el ciclo vital.<\/p>\n<p>Publicada por Taylor and Francis desde 1978, salen cuatro n\u00fameros al a\u00f1o y est\u00e1 disponible en formato electr\u00f3nico a texto completo desde 1997 a trav\u00e9s de nuestro cat\u00e1logo.<\/p>\n<p><a href=\"https:\/\/www.nebrija.com\/medios\/nebrijaglobalcampus\/wp-content\/uploads\/sites\/31\/2019\/06\/Imagen_05.jpg\"><img loading=\"lazy\" decoding=\"async\" class=\"wp-image-4346 aligncenter\" src=\"https:\/\/www.nebrija.com\/medios\/nebrijaglobalcampus\/wp-content\/uploads\/sites\/31\/2019\/06\/Imagen_05-706x1024.jpg\" alt=\"\" width=\"258\" height=\"375\" srcset=\"https:\/\/www.nebrija.com\/medios\/nebrijaglobalcampus\/wp-content\/uploads\/sites\/31\/2019\/06\/Imagen_05-706x1024.jpg 706w, https:\/\/www.nebrija.com\/medios\/nebrijaglobalcampus\/wp-content\/uploads\/sites\/31\/2019\/06\/Imagen_05-207x300.jpg 207w, https:\/\/www.nebrija.com\/medios\/nebrijaglobalcampus\/wp-content\/uploads\/sites\/31\/2019\/06\/Imagen_05-768x1113.jpg 768w, https:\/\/www.nebrija.com\/medios\/nebrijaglobalcampus\/wp-content\/uploads\/sites\/31\/2019\/06\/Imagen_05.jpg 979w\" sizes=\"(max-width: 258px) 100vw, 258px\" \/><\/a><\/p>\n<p style=\"text-align: center\"><strong>Imagen<\/strong>: Cubierta de la revista Infancia y Aprendizaje. <strong>Fuente<\/strong>: Dialnet<\/p>\n<p>&nbsp;<\/p>\n<p><strong><em><a href=\"https:\/\/biblioteca.nebrija.es\/cgi-bin\/opac\/?TITN=101344\" target=\"_blank\" rel=\"noopener noreferrer\">Journal of Immersion and Content-Based Language Educatio<\/a>n: <\/em><\/strong>Es una publicaci\u00f3n peri\u00f3dica sobre investigaci\u00f3n te\u00f3rica de educaci\u00f3n ling\u00fc\u00edstica, biling\u00fce y multiling\u00fce. Su contenido es multidisciplinar y abarca diferentes materias: educaci\u00f3n, ling\u00fc\u00edstica aplicada, antropolog\u00eda, sociolog\u00eda, psicolog\u00eda, habla, lenguaje, ciencias de la audici\u00f3n, pol\u00edtica y planificaci\u00f3n del lenguaje, etc.<\/p>\n<p>Publicada semestralmente por John Benjamins desde 1993, est\u00e1 disponible a trav\u00e9s de nuestro cat\u00e1logo en formato electr\u00f3nico a texto completo a partir del primer n\u00famero de la revista.<\/p>\n<p><a href=\"https:\/\/www.nebrija.com\/medios\/nebrijaglobalcampus\/wp-content\/uploads\/sites\/31\/2019\/06\/Imagen_06.jpg\"><img loading=\"lazy\" decoding=\"async\" class=\"wp-image-4347 aligncenter\" src=\"https:\/\/www.nebrija.com\/medios\/nebrijaglobalcampus\/wp-content\/uploads\/sites\/31\/2019\/06\/Imagen_06.jpg\" alt=\"\" width=\"234\" height=\"352\" srcset=\"https:\/\/www.nebrija.com\/medios\/nebrijaglobalcampus\/wp-content\/uploads\/sites\/31\/2019\/06\/Imagen_06.jpg 356w, https:\/\/www.nebrija.com\/medios\/nebrijaglobalcampus\/wp-content\/uploads\/sites\/31\/2019\/06\/Imagen_06-200x300.jpg 200w\" sizes=\"(max-width: 234px) 100vw, 234px\" \/><\/a><\/p>\n<p style=\"text-align: center\"><strong>Imagen<\/strong>: Cubierta de la revista Journal of Immersion and Content-Based Language Education.&nbsp;<strong>Fuente<\/strong>: John Benjamins<\/p>\n<p>&nbsp;<\/p>\n<p><a href=\"https:\/\/biblioteca.nebrija.es\/cgi-bin\/opac\/?TITN=81522\" target=\"_blank\" rel=\"noopener noreferrer\"><strong><em>Revista espa\u00f1ola de pedagog\u00eda<\/em><\/strong><\/a><em>: <\/em>Publicaci\u00f3n creada en 1943 por el Instituto San&nbsp;Jos\u00e9 de Calasanz (perteneciente al&nbsp;Consejo Superior de Investigaciones Cient\u00edficas), actualmente es editada por la Universidad Internacional de La Rioja (UNIR), que publica tres n\u00fameros al a\u00f1o.<\/p>\n<p>Ha sido la primera revista de investigaci\u00f3n pedag\u00f3gica en espa\u00f1ol que ha entrado en las bases de datos internacionales m\u00e1s relevantes. Con vocaci\u00f3n universal, pretende el avance en el saber pedag\u00f3gico, evitando las meras encuestas de opini\u00f3n y abarcando las distintas \u00e1reas de la acci\u00f3n educativa orientada a una pr\u00e1ctica profesional m\u00e1s eficaz. Abarca las distintas \u00e1reas de la acci\u00f3n educativa orientada a una pr\u00e1ctica profesional m\u00e1s humanizadora, m\u00e1s cr\u00edtica y m\u00e1s eficaz.<\/p>\n<p>Disponible en papel desde el a\u00f1o 2018, encontrar\u00e1s los \u00faltimos n\u00fameros disponibles en sala en la sucursal de Arturo Soria. Puedes consultar adem\u00e1s la versi\u00f3n electr\u00f3nica a trav\u00e9s de nuestro cat\u00e1logo desde el primer n\u00famero (1943) de la revista.<\/p>\n<p><a href=\"https:\/\/www.nebrija.com\/medios\/nebrijaglobalcampus\/wp-content\/uploads\/sites\/31\/2019\/06\/Imagen_07-scaled.jpg\"><img loading=\"lazy\" decoding=\"async\" class=\" wp-image-4348 aligncenter\" src=\"https:\/\/www.nebrija.com\/medios\/nebrijaglobalcampus\/wp-content\/uploads\/sites\/31\/2019\/06\/Imagen_07-714x1024.jpg\" alt=\"\" width=\"235\" height=\"337\" srcset=\"https:\/\/www.nebrija.com\/medios\/nebrijaglobalcampus\/wp-content\/uploads\/sites\/31\/2019\/06\/Imagen_07-714x1024.jpg 714w, https:\/\/www.nebrija.com\/medios\/nebrijaglobalcampus\/wp-content\/uploads\/sites\/31\/2019\/06\/Imagen_07-209x300.jpg 209w, https:\/\/www.nebrija.com\/medios\/nebrijaglobalcampus\/wp-content\/uploads\/sites\/31\/2019\/06\/Imagen_07-768x1101.jpg 768w, https:\/\/www.nebrija.com\/medios\/nebrijaglobalcampus\/wp-content\/uploads\/sites\/31\/2019\/06\/Imagen_07-1071x1536.jpg 1071w, https:\/\/www.nebrija.com\/medios\/nebrijaglobalcampus\/wp-content\/uploads\/sites\/31\/2019\/06\/Imagen_07-1429x2048.jpg 1429w, https:\/\/www.nebrija.com\/medios\/nebrijaglobalcampus\/wp-content\/uploads\/sites\/31\/2019\/06\/Imagen_07-scaled.jpg 1786w\" sizes=\"(max-width: 235px) 100vw, 235px\" \/><\/a><\/p>\n<p style=\"text-align: center\"><strong>Imagen<\/strong>: Cubierta de la Revista Espa\u00f1ola de Pedagog\u00eda.&nbsp;<strong>Fuente<\/strong>: Revista Espa\u00f1ola de Pedagog\u00eda<\/p>\n<p>&nbsp;<\/p>\n<p><a href=\"http:\/\/biblioteca.nebrija.es\/cgi-bin\/opac\/?TITN=81522\"><strong><em>Revistas Educaci\u00f3n GRA\u00d3<\/em><\/strong><\/a><strong><em>: <\/em><\/strong>Una colecci\u00f3n de revistas especializadas en educaci\u00f3n de la editorial Gra\u00f3, accesibles en formato electr\u00f3nico a texto completo a trav\u00e9s de nuestro Cat\u00e1logo-OPAC ~Web Portal: Aula de Infantil, Aula de Secundaria, Dosier Gra\u00f3, Alambique, T\u00e1ndem, Eufon\u00eda\u2026<\/p>\n<p style=\"text-align: center\"><a href=\"https:\/\/www.nebrija.com\/medios\/nebrijaglobalcampus\/wp-content\/uploads\/sites\/31\/2019\/06\/Imagen_08.jpg\"><img loading=\"lazy\" decoding=\"async\" class=\"alignnone  wp-image-4349\" src=\"https:\/\/www.nebrija.com\/medios\/nebrijaglobalcampus\/wp-content\/uploads\/sites\/31\/2019\/06\/Imagen_08-1024x577.jpg\" alt=\"\" width=\"392\" height=\"221\" srcset=\"https:\/\/www.nebrija.com\/medios\/nebrijaglobalcampus\/wp-content\/uploads\/sites\/31\/2019\/06\/Imagen_08-1024x577.jpg 1024w, https:\/\/www.nebrija.com\/medios\/nebrijaglobalcampus\/wp-content\/uploads\/sites\/31\/2019\/06\/Imagen_08-300x169.jpg 300w, https:\/\/www.nebrija.com\/medios\/nebrijaglobalcampus\/wp-content\/uploads\/sites\/31\/2019\/06\/Imagen_08-768x432.jpg 768w, https:\/\/www.nebrija.com\/medios\/nebrijaglobalcampus\/wp-content\/uploads\/sites\/31\/2019\/06\/Imagen_08.jpg 1373w\" sizes=\"(max-width: 392px) 100vw, 392px\" \/><\/a><\/p>\n<p style=\"text-align: center\"><strong>Imagen<\/strong>: Colecci\u00f3n Editorial Gra\u00f3.&nbsp;<strong>Fuente<\/strong>: Cat\u00e1logo-OPAC ~ Web Portal<\/p>\n<p>&nbsp;<\/p>\n<p>Todas estas revistas est\u00e1n accesibles electr\u00f3nicamente, pero restringidas a los usuarios de la Universidad Nebrija, ya sean estudiantes, profesores o PAS. Para acceder a su contenido online, habr\u00e1 que <strong>identificarse<\/strong> previamente en nuestro <a href=\"https:\/\/www.nebrija.com\/vida_universitaria\/servicios\/biblioteca.php\" target=\"_blank\" rel=\"noopener noreferrer\"><strong>Cat\u00e1logo-OPAC ~ Web Portal<\/strong><\/a> con el usuario y la contrase\u00f1a de nuestra cuenta Nebrija.<\/p>\n<p style=\"text-align: center\"><a href=\"https:\/\/www.nebrija.com\/medios\/nebrijaglobalcampus\/wp-content\/uploads\/sites\/31\/2019\/06\/Imagen_09.jpg\"><img loading=\"lazy\" decoding=\"async\" class=\"alignnone  wp-image-4350\" src=\"https:\/\/www.nebrija.com\/medios\/nebrijaglobalcampus\/wp-content\/uploads\/sites\/31\/2019\/06\/Imagen_09.jpg\" alt=\"\" width=\"461\" height=\"241\" srcset=\"https:\/\/www.nebrija.com\/medios\/nebrijaglobalcampus\/wp-content\/uploads\/sites\/31\/2019\/06\/Imagen_09.jpg 970w, https:\/\/www.nebrija.com\/medios\/nebrijaglobalcampus\/wp-content\/uploads\/sites\/31\/2019\/06\/Imagen_09-300x157.jpg 300w, https:\/\/www.nebrija.com\/medios\/nebrijaglobalcampus\/wp-content\/uploads\/sites\/31\/2019\/06\/Imagen_09-768x401.jpg 768w\" sizes=\"(max-width: 461px) 100vw, 461px\" \/><\/a><\/p>\n<p style=\"text-align: center\"><strong>Imagen<\/strong>: P\u00e1gina de acceso al Cat\u00e1logo-OPAC ~ Web Portal.&nbsp;<strong>Fuente<\/strong>: Cat\u00e1logo-OPAC ~ Web Portal<\/p>\n<p>&nbsp;<\/p>\n<p>Te animamos a entrar en nuestro <a href=\"https:\/\/biblioteca.nebrija.es\/cgi-bin\/opac\/\" target=\"_blank\" rel=\"noopener noreferrer\"><strong>Cat\u00e1logo-OPAC ~ Web Portal<\/strong><\/a> y descubrir todo lo que puede ofrecerte, ya que no s\u00f3lo encontrar\u00e1s las revistas sobre Educaci\u00f3n de las que te hemos hablado, tambi\u00e9n <strong>podr\u00e1s acceder<\/strong> <strong>a muchos otros recursos<\/strong> de esta \u00e1rea como portales web, libros electr\u00f3nicos, monograf\u00edas o art\u00edculos.&nbsp;<\/p>\n<p>&nbsp;<\/p>\n<p><em><strong>B\u00e1rbara Esteva<\/strong><\/em><\/p>\n<p><em><strong>Servicio de Biblioteca<\/strong><\/em><\/p>\n<p>&nbsp;<\/p>\n<p>&nbsp;<\/p>\n<p>&nbsp;<\/p>\n<p>&nbsp;<\/p>\n","protected":false},"excerpt":{"rendered":"<p>Actualizado por B\u00e1rbara Esteva Garc\u00eda a fecha 01\/08\/2023. Si eres profesor o est\u00e1s estudiando alg\u00fan programa en el \u00e1rea de Educaci\u00f3n, ya sea un grado, un m\u00e1ster, o un curso especializado, y tanto si lo haces de manera presencial como a distancia, la Biblioteca pone a tu disposici\u00f3n una serie de revistas y publicaciones peri\u00f3dicas [&hellip;]<\/p>\n","protected":false},"author":97,"featured_media":2599,"comment_status":"open","ping_status":"open","sticky":false,"template":"","format":"standard","meta":{"_monsterinsights_skip_tracking":false,"_monsterinsights_sitenote_active":false,"_monsterinsights_sitenote_note":"","_monsterinsights_sitenote_category":0,"footnotes":""},"categories":[71,9],"tags":[81,128,899,1260,19,1264,1265,1259,28,774,1266,1263,1261,1262],"acf":[],"yoast_head":"<!-- This site is optimized with the Yoast SEO plugin v22.1 - https:\/\/yoast.com\/wordpress\/plugins\/seo\/ -->\n<title>Imprescindibles: nuestras revistas favoritas en Educaci\u00f3n - Global Campus Nebrija<\/title>\n<meta name=\"robots\" content=\"index, follow, max-snippet:-1, max-image-preview:large, max-video-preview:-1\" \/>\n<link rel=\"canonical\" href=\"https:\/\/www.nebrija.com\/medios\/nebrijaglobalcampus\/2019\/06\/06\/imprescindibles-nuestras-revistas-favoritas-en-educacion\/\" \/>\n<meta property=\"og:locale\" content=\"es_ES\" \/>\n<meta property=\"og:type\" content=\"article\" \/>\n<meta property=\"og:title\" content=\"Imprescindibles: nuestras revistas favoritas en Educaci\u00f3n - Global Campus Nebrija\" \/>\n<meta property=\"og:description\" content=\"Actualizado por B\u00e1rbara Esteva Garc\u00eda a fecha 01\/08\/2023. Si eres profesor o est\u00e1s estudiando alg\u00fan programa en el \u00e1rea de Educaci\u00f3n, ya sea un grado, un m\u00e1ster, o un curso especializado, y tanto si lo haces de manera presencial como a distancia, la Biblioteca pone a tu disposici\u00f3n una serie de revistas y publicaciones peri\u00f3dicas [&hellip;]\" \/>\n<meta property=\"og:url\" content=\"https:\/\/www.nebrija.com\/medios\/nebrijaglobalcampus\/2019\/06\/06\/imprescindibles-nuestras-revistas-favoritas-en-educacion\/\" \/>\n<meta property=\"og:site_name\" content=\"Global Campus Nebrija\" \/>\n<meta property=\"article:published_time\" content=\"2019-06-06T08:07:03+00:00\" \/>\n<meta property=\"article:modified_time\" content=\"2023-08-01T11:11:29+00:00\" \/>\n<meta property=\"og:image\" content=\"https:\/\/www.nebrija.com\/medios\/nebrijaglobalcampus\/wp-content\/uploads\/sites\/31\/2019\/06\/shutterstock_603699491b.jpg\" \/>\n\t<meta property=\"og:image:width\" content=\"2355\" \/>\n\t<meta property=\"og:image:height\" content=\"1570\" \/>\n\t<meta property=\"og:image:type\" content=\"image\/jpeg\" \/>\n<meta name=\"author\" content=\"mgarcisa\" \/>\n<meta name=\"twitter:card\" content=\"summary_large_image\" \/>\n<meta name=\"twitter:label1\" content=\"Escrito por\" \/>\n\t<meta name=\"twitter:data1\" content=\"mgarcisa\" \/>\n\t<meta name=\"twitter:label2\" content=\"Tiempo de lectura\" \/>\n\t<meta name=\"twitter:data2\" content=\"7 minutos\" \/>\n<script type=\"application\/ld+json\" class=\"yoast-schema-graph\">{\"@context\":\"https:\/\/schema.org\",\"@graph\":[{\"@type\":\"WebPage\",\"@id\":\"https:\/\/www.nebrija.com\/medios\/nebrijaglobalcampus\/2019\/06\/06\/imprescindibles-nuestras-revistas-favoritas-en-educacion\/\",\"url\":\"https:\/\/www.nebrija.com\/medios\/nebrijaglobalcampus\/2019\/06\/06\/imprescindibles-nuestras-revistas-favoritas-en-educacion\/\",\"name\":\"Imprescindibles: nuestras revistas favoritas en Educaci\u00f3n - Global Campus Nebrija\",\"isPartOf\":{\"@id\":\"https:\/\/www.nebrija.com\/medios\/nebrijaglobalcampus\/#website\"},\"datePublished\":\"2019-06-06T08:07:03+00:00\",\"dateModified\":\"2023-08-01T11:11:29+00:00\",\"author\":{\"@id\":\"https:\/\/www.nebrija.com\/medios\/nebrijaglobalcampus\/#\/schema\/person\/0fa46cb03c7e07b210c31383337aa6ee\"},\"breadcrumb\":{\"@id\":\"https:\/\/www.nebrija.com\/medios\/nebrijaglobalcampus\/2019\/06\/06\/imprescindibles-nuestras-revistas-favoritas-en-educacion\/#breadcrumb\"},\"inLanguage\":\"es\",\"potentialAction\":[{\"@type\":\"ReadAction\",\"target\":[\"https:\/\/www.nebrija.com\/medios\/nebrijaglobalcampus\/2019\/06\/06\/imprescindibles-nuestras-revistas-favoritas-en-educacion\/\"]}]},{\"@type\":\"BreadcrumbList\",\"@id\":\"https:\/\/www.nebrija.com\/medios\/nebrijaglobalcampus\/2019\/06\/06\/imprescindibles-nuestras-revistas-favoritas-en-educacion\/#breadcrumb\",\"itemListElement\":[{\"@type\":\"ListItem\",\"position\":1,\"name\":\"Home\",\"item\":\"https:\/\/www.nebrija.com\/medios\/nebrijaglobalcampus\/\"},{\"@type\":\"ListItem\",\"position\":2,\"name\":\"Imprescindibles: nuestras revistas favoritas en Educaci\u00f3n\"}]},{\"@type\":\"WebSite\",\"@id\":\"https:\/\/www.nebrija.com\/medios\/nebrijaglobalcampus\/#website\",\"url\":\"https:\/\/www.nebrija.com\/medios\/nebrijaglobalcampus\/\",\"name\":\"Global Campus Nebrija\",\"description\":\"Profesionales capaces de hacer que merezca la pena\",\"potentialAction\":[{\"@type\":\"SearchAction\",\"target\":{\"@type\":\"EntryPoint\",\"urlTemplate\":\"https:\/\/www.nebrija.com\/medios\/nebrijaglobalcampus\/?s={search_term_string}\"},\"query-input\":\"required name=search_term_string\"}],\"inLanguage\":\"es\"},{\"@type\":\"Person\",\"@id\":\"https:\/\/www.nebrija.com\/medios\/nebrijaglobalcampus\/#\/schema\/person\/0fa46cb03c7e07b210c31383337aa6ee\",\"name\":\"mgarcisa\",\"image\":{\"@type\":\"ImageObject\",\"inLanguage\":\"es\",\"@id\":\"https:\/\/www.nebrija.com\/medios\/nebrijaglobalcampus\/#\/schema\/person\/image\/\",\"url\":\"https:\/\/secure.gravatar.com\/avatar\/03c5100e64e7f8981aa1450029b9aae2?s=96&d=mm&r=g\",\"contentUrl\":\"https:\/\/secure.gravatar.com\/avatar\/03c5100e64e7f8981aa1450029b9aae2?s=96&d=mm&r=g\",\"caption\":\"mgarcisa\"},\"url\":\"https:\/\/www.nebrija.com\/medios\/nebrijaglobalcampus\/author\/mgarcisa\/\"}]}<\/script>\n<!-- \/ Yoast SEO plugin. -->","yoast_head_json":{"title":"Imprescindibles: nuestras revistas favoritas en Educaci\u00f3n - Global Campus Nebrija","robots":{"index":"index","follow":"follow","max-snippet":"max-snippet:-1","max-image-preview":"max-image-preview:large","max-video-preview":"max-video-preview:-1"},"canonical":"https:\/\/www.nebrija.com\/medios\/nebrijaglobalcampus\/2019\/06\/06\/imprescindibles-nuestras-revistas-favoritas-en-educacion\/","og_locale":"es_ES","og_type":"article","og_title":"Imprescindibles: nuestras revistas favoritas en Educaci\u00f3n - Global Campus Nebrija","og_description":"Actualizado por B\u00e1rbara Esteva Garc\u00eda a fecha 01\/08\/2023. Si eres profesor o est\u00e1s estudiando alg\u00fan programa en el \u00e1rea de Educaci\u00f3n, ya sea un grado, un m\u00e1ster, o un curso especializado, y tanto si lo haces de manera presencial como a distancia, la Biblioteca pone a tu disposici\u00f3n una serie de revistas y publicaciones peri\u00f3dicas [&hellip;]","og_url":"https:\/\/www.nebrija.com\/medios\/nebrijaglobalcampus\/2019\/06\/06\/imprescindibles-nuestras-revistas-favoritas-en-educacion\/","og_site_name":"Global Campus Nebrija","article_published_time":"2019-06-06T08:07:03+00:00","article_modified_time":"2023-08-01T11:11:29+00:00","og_image":[{"width":2355,"height":1570,"url":"https:\/\/www.nebrija.com\/medios\/nebrijaglobalcampus\/wp-content\/uploads\/sites\/31\/2019\/06\/shutterstock_603699491b.jpg","type":"image\/jpeg"}],"author":"mgarcisa","twitter_card":"summary_large_image","twitter_misc":{"Escrito por":"mgarcisa","Tiempo de lectura":"7 minutos"},"schema":{"@context":"https:\/\/schema.org","@graph":[{"@type":"WebPage","@id":"https:\/\/www.nebrija.com\/medios\/nebrijaglobalcampus\/2019\/06\/06\/imprescindibles-nuestras-revistas-favoritas-en-educacion\/","url":"https:\/\/www.nebrija.com\/medios\/nebrijaglobalcampus\/2019\/06\/06\/imprescindibles-nuestras-revistas-favoritas-en-educacion\/","name":"Imprescindibles: nuestras revistas favoritas en Educaci\u00f3n - Global Campus Nebrija","isPartOf":{"@id":"https:\/\/www.nebrija.com\/medios\/nebrijaglobalcampus\/#website"},"datePublished":"2019-06-06T08:07:03+00:00","dateModified":"2023-08-01T11:11:29+00:00","author":{"@id":"https:\/\/www.nebrija.com\/medios\/nebrijaglobalcampus\/#\/schema\/person\/0fa46cb03c7e07b210c31383337aa6ee"},"breadcrumb":{"@id":"https:\/\/www.nebrija.com\/medios\/nebrijaglobalcampus\/2019\/06\/06\/imprescindibles-nuestras-revistas-favoritas-en-educacion\/#breadcrumb"},"inLanguage":"es","potentialAction":[{"@type":"ReadAction","target":["https:\/\/www.nebrija.com\/medios\/nebrijaglobalcampus\/2019\/06\/06\/imprescindibles-nuestras-revistas-favoritas-en-educacion\/"]}]},{"@type":"BreadcrumbList","@id":"https:\/\/www.nebrija.com\/medios\/nebrijaglobalcampus\/2019\/06\/06\/imprescindibles-nuestras-revistas-favoritas-en-educacion\/#breadcrumb","itemListElement":[{"@type":"ListItem","position":1,"name":"Home","item":"https:\/\/www.nebrija.com\/medios\/nebrijaglobalcampus\/"},{"@type":"ListItem","position":2,"name":"Imprescindibles: nuestras revistas favoritas en Educaci\u00f3n"}]},{"@type":"WebSite","@id":"https:\/\/www.nebrija.com\/medios\/nebrijaglobalcampus\/#website","url":"https:\/\/www.nebrija.com\/medios\/nebrijaglobalcampus\/","name":"Global Campus Nebrija","description":"Profesionales capaces de hacer que merezca la pena","potentialAction":[{"@type":"SearchAction","target":{"@type":"EntryPoint","urlTemplate":"https:\/\/www.nebrija.com\/medios\/nebrijaglobalcampus\/?s={search_term_string}"},"query-input":"required name=search_term_string"}],"inLanguage":"es"},{"@type":"Person","@id":"https:\/\/www.nebrija.com\/medios\/nebrijaglobalcampus\/#\/schema\/person\/0fa46cb03c7e07b210c31383337aa6ee","name":"mgarcisa","image":{"@type":"ImageObject","inLanguage":"es","@id":"https:\/\/www.nebrija.com\/medios\/nebrijaglobalcampus\/#\/schema\/person\/image\/","url":"https:\/\/secure.gravatar.com\/avatar\/03c5100e64e7f8981aa1450029b9aae2?s=96&d=mm&r=g","contentUrl":"https:\/\/secure.gravatar.com\/avatar\/03c5100e64e7f8981aa1450029b9aae2?s=96&d=mm&r=g","caption":"mgarcisa"},"url":"https:\/\/www.nebrija.com\/medios\/nebrijaglobalcampus\/author\/mgarcisa\/"}]}},"_links":{"self":[{"href":"https:\/\/www.nebrija.com\/medios\/nebrijaglobalcampus\/wp-json\/wp\/v2\/posts\/2583"}],"collection":[{"href":"https:\/\/www.nebrija.com\/medios\/nebrijaglobalcampus\/wp-json\/wp\/v2\/posts"}],"about":[{"href":"https:\/\/www.nebrija.com\/medios\/nebrijaglobalcampus\/wp-json\/wp\/v2\/types\/post"}],"author":[{"embeddable":true,"href":"https:\/\/www.nebrija.com\/medios\/nebrijaglobalcampus\/wp-json\/wp\/v2\/users\/97"}],"replies":[{"embeddable":true,"href":"https:\/\/www.nebrija.com\/medios\/nebrijaglobalcampus\/wp-json\/wp\/v2\/comments?post=2583"}],"version-history":[{"count":9,"href":"https:\/\/www.nebrija.com\/medios\/nebrijaglobalcampus\/wp-json\/wp\/v2\/posts\/2583\/revisions"}],"predecessor-version":[{"id":4353,"href":"https:\/\/www.nebrija.com\/medios\/nebrijaglobalcampus\/wp-json\/wp\/v2\/posts\/2583\/revisions\/4353"}],"wp:featuredmedia":[{"embeddable":true,"href":"https:\/\/www.nebrija.com\/medios\/nebrijaglobalcampus\/wp-json\/wp\/v2\/media\/2599"}],"wp:attachment":[{"href":"https:\/\/www.nebrija.com\/medios\/nebrijaglobalcampus\/wp-json\/wp\/v2\/media?parent=2583"}],"wp:term":[{"taxonomy":"category","embeddable":true,"href":"https:\/\/www.nebrija.com\/medios\/nebrijaglobalcampus\/wp-json\/wp\/v2\/categories?post=2583"},{"taxonomy":"post_tag","embeddable":true,"href":"https:\/\/www.nebrija.com\/medios\/nebrijaglobalcampus\/wp-json\/wp\/v2\/tags?post=2583"}],"curies":[{"name":"wp","href":"https:\/\/api.w.org\/{rel}","templated":true}]}}