{"id":309,"date":"2016-02-02T10:30:56","date_gmt":"2016-02-02T10:30:56","guid":{"rendered":"http:\/\/www.nebrija.com\/medios\/nebrijaglobalcampus\/?p=309"},"modified":"2016-02-02T10:30:56","modified_gmt":"2016-02-02T10:30:56","slug":"mi-llegada-a-global-campus-innovacion-reto-formacion","status":"publish","type":"post","link":"https:\/\/www.nebrija.com\/medios\/nebrijaglobalcampus\/2016\/02\/02\/mi-llegada-a-global-campus-innovacion-reto-formacion\/","title":{"rendered":"Mi llegada a Global Campus: innovaci\u00f3n, reto, formaci\u00f3n"},"content":{"rendered":"<p style=\"text-align: justify\">Cuando empiezas a trabajar en un lugar nuevo, al principio todo son miedos e inseguridades, quieres saber si podr\u00e1s adaptarte r\u00e1pido al ritmo de trabajo, congeniar con tus compa\u00f1eros y si realmente podr\u00e1s desarrollarte profesionalmente haciendo lo que realmente te gusta. Tambi\u00e9n, para los que entendemos la <strong>innovaci\u00f3n <\/strong>y buscamos la <strong>mejora de la educaci\u00f3n<\/strong>, te planteas si el trabajo te permitir\u00e1 dar rienda suelta a esa motivaci\u00f3n de mejora, que tanto se busca tambi\u00e9n como aptitud en las entrevistas de trabajo, pero que luego, tristemente se queda en el papel.<\/p>\n<p style=\"text-align: justify\">Mis miedos se esfumaron mi primer d\u00eda de trabajo en Global Campus Nebrija. Un equipo joven, con personas preparadas, innovadoras, comprometidas y responsables, con clara <strong>vocaci\u00f3n al trabajo en equipo<\/strong> y lo m\u00e1s importante, con una motivaci\u00f3n por aprender y mejorar en todos los \u00e1mbitos en los que est\u00e1n inmersos. En poco tiempo, han logrado mejorar y <strong>dotar de calidad<\/strong> a la ense\u00f1anza y aprendizaje universitario, con una <strong>metodolog\u00eda propia<\/strong> sobre c\u00f3mo se entiende la ense\u00f1anza <em>online<\/em> y <em>blended<\/em> en la Universidad de Nebrija, que les llev\u00f3 hace poco menos de un a\u00f1o a tener un reconocimiento de la <strong>C\u00e1tedra Unesco<\/strong>.<\/p>\n<p style=\"text-align: justify\">Y con todo esto, para una profesional de la educaci\u00f3n como yo, empezar a trabajar aqu\u00ed es un lujo. Porque lo principal es <strong>innovar<\/strong>, adaptarse a las novedades tecnol\u00f3gicas y metodol\u00f3gicas, buscar una mejora en la ense\u00f1anza-aprendizaje centr\u00e1ndose en el alumno, buscar la mayor calidad en el profesorado, trabajar contra los obst\u00e1culos y aprender de los errores. Y todo con un ambiente de trabajo inmejorable, tambi\u00e9n clave del <strong>\u00e9xito<\/strong>.<\/p>\n<p style=\"text-align: justify\">Queda much\u00edsimo camino por delante y much\u00edsimo trabajo, pero es una gran <strong>motivaci\u00f3n<\/strong> saber que todo lo que falta por hacer se har\u00e1 con la mayor calidad posible, y soy feliz por poder aportar mi peque\u00f1o grano de arena a este gran proyecto&#8230; Porque como dec\u00eda el gran poeta Antonio Machado:<\/p>\n<p>&nbsp;<\/p>\n<p style=\"text-align: center\">\u201c<em>Caminante, no hay camino,<\/em><\/p>\n<p style=\"text-align: center\"><em>se hace camino al andar.\u201d<\/em><\/p>\n<p><em>\u00a0<\/em><\/p>\n<p><a href=\"https:\/\/www.nebrija.com\/medios\/nebrijaglobalcampus\/wp-content\/uploads\/sites\/31\/2016\/02\/Lorena.jpg\" rel=\"attachment wp-att-318\"><img loading=\"lazy\" decoding=\"async\" class=\"alignnone size-full wp-image-318\" src=\"https:\/\/www.nebrija.com\/medios\/nebrijaglobalcampus\/wp-content\/uploads\/sites\/31\/2016\/02\/Lorena.jpg\" alt=\"Lorena\" width=\"268\" height=\"204\" \/><\/a><\/p>\n<p><em><strong>Lorena Delgado<\/strong><\/em><\/p>\n<p><em><strong>Gestora de programas<\/strong><\/em><\/p>\n","protected":false},"excerpt":{"rendered":"<p>Cuando empiezas a trabajar en un lugar nuevo, al principio todo son miedos e inseguridades, quieres saber si podr\u00e1s adaptarte r\u00e1pido al ritmo de trabajo, congeniar con tus compa\u00f1eros y si realmente podr\u00e1s desarrollarte profesionalmente haciendo lo que realmente te gusta. Tambi\u00e9n, para los que entendemos la innovaci\u00f3n y buscamos la mejora de la educaci\u00f3n, [&hellip;]<\/p>\n","protected":false},"author":97,"featured_media":315,"comment_status":"open","ping_status":"open","sticky":false,"template":"","format":"standard","meta":{"_monsterinsights_skip_tracking":false,"_monsterinsights_sitenote_active":false,"_monsterinsights_sitenote_note":"","_monsterinsights_sitenote_category":0,"footnotes":""},"categories":[1],"tags":[34,90,24,91,89,18,54,4,88,28,23,57],"acf":[],"yoast_head":"<!-- This site is optimized with the Yoast SEO plugin v22.1 - https:\/\/yoast.com\/wordpress\/plugins\/seo\/ -->\n<title>Mi llegada a Global Campus: innovaci\u00f3n, reto, formaci\u00f3n - Global Campus Nebrija<\/title>\n<meta name=\"robots\" content=\"index, follow, max-snippet:-1, max-image-preview:large, max-video-preview:-1\" \/>\n<link rel=\"canonical\" href=\"https:\/\/www.nebrija.com\/medios\/nebrijaglobalcampus\/2016\/02\/02\/mi-llegada-a-global-campus-innovacion-reto-formacion\/\" \/>\n<meta property=\"og:locale\" content=\"es_ES\" \/>\n<meta property=\"og:type\" content=\"article\" \/>\n<meta property=\"og:title\" content=\"Mi llegada a Global Campus: innovaci\u00f3n, reto, formaci\u00f3n - Global Campus Nebrija\" \/>\n<meta property=\"og:description\" content=\"Cuando empiezas a trabajar en un lugar nuevo, al principio todo son miedos e inseguridades, quieres saber si podr\u00e1s adaptarte r\u00e1pido al ritmo de trabajo, congeniar con tus compa\u00f1eros y si realmente podr\u00e1s desarrollarte profesionalmente haciendo lo que realmente te gusta. Tambi\u00e9n, para los que entendemos la innovaci\u00f3n y buscamos la mejora de la educaci\u00f3n, [&hellip;]\" \/>\n<meta property=\"og:url\" content=\"https:\/\/www.nebrija.com\/medios\/nebrijaglobalcampus\/2016\/02\/02\/mi-llegada-a-global-campus-innovacion-reto-formacion\/\" \/>\n<meta property=\"og:site_name\" content=\"Global Campus Nebrija\" \/>\n<meta property=\"article:published_time\" content=\"2016-02-02T10:30:56+00:00\" \/>\n<meta property=\"og:image\" content=\"https:\/\/www.nebrija.com\/medios\/nebrijaglobalcampus\/wp-content\/uploads\/sites\/31\/2016\/02\/Captura-start.jpg\" \/>\n\t<meta property=\"og:image:width\" content=\"1388\" \/>\n\t<meta property=\"og:image:height\" content=\"867\" \/>\n\t<meta property=\"og:image:type\" content=\"image\/jpeg\" \/>\n<meta name=\"author\" content=\"mgarcisa\" \/>\n<meta name=\"twitter:card\" content=\"summary_large_image\" \/>\n<meta name=\"twitter:label1\" content=\"Escrito por\" \/>\n\t<meta name=\"twitter:data1\" content=\"mgarcisa\" \/>\n\t<meta name=\"twitter:label2\" content=\"Tiempo de lectura\" \/>\n\t<meta name=\"twitter:data2\" content=\"2 minutos\" \/>\n<script type=\"application\/ld+json\" class=\"yoast-schema-graph\">{\"@context\":\"https:\/\/schema.org\",\"@graph\":[{\"@type\":\"WebPage\",\"@id\":\"https:\/\/www.nebrija.com\/medios\/nebrijaglobalcampus\/2016\/02\/02\/mi-llegada-a-global-campus-innovacion-reto-formacion\/\",\"url\":\"https:\/\/www.nebrija.com\/medios\/nebrijaglobalcampus\/2016\/02\/02\/mi-llegada-a-global-campus-innovacion-reto-formacion\/\",\"name\":\"Mi llegada a Global Campus: innovaci\u00f3n, reto, formaci\u00f3n - Global Campus Nebrija\",\"isPartOf\":{\"@id\":\"https:\/\/www.nebrija.com\/medios\/nebrijaglobalcampus\/#website\"},\"datePublished\":\"2016-02-02T10:30:56+00:00\",\"dateModified\":\"2016-02-02T10:30:56+00:00\",\"author\":{\"@id\":\"https:\/\/www.nebrija.com\/medios\/nebrijaglobalcampus\/#\/schema\/person\/0fa46cb03c7e07b210c31383337aa6ee\"},\"breadcrumb\":{\"@id\":\"https:\/\/www.nebrija.com\/medios\/nebrijaglobalcampus\/2016\/02\/02\/mi-llegada-a-global-campus-innovacion-reto-formacion\/#breadcrumb\"},\"inLanguage\":\"es\",\"potentialAction\":[{\"@type\":\"ReadAction\",\"target\":[\"https:\/\/www.nebrija.com\/medios\/nebrijaglobalcampus\/2016\/02\/02\/mi-llegada-a-global-campus-innovacion-reto-formacion\/\"]}]},{\"@type\":\"BreadcrumbList\",\"@id\":\"https:\/\/www.nebrija.com\/medios\/nebrijaglobalcampus\/2016\/02\/02\/mi-llegada-a-global-campus-innovacion-reto-formacion\/#breadcrumb\",\"itemListElement\":[{\"@type\":\"ListItem\",\"position\":1,\"name\":\"Home\",\"item\":\"https:\/\/www.nebrija.com\/medios\/nebrijaglobalcampus\/\"},{\"@type\":\"ListItem\",\"position\":2,\"name\":\"Mi llegada a Global Campus: innovaci\u00f3n, reto, formaci\u00f3n\"}]},{\"@type\":\"WebSite\",\"@id\":\"https:\/\/www.nebrija.com\/medios\/nebrijaglobalcampus\/#website\",\"url\":\"https:\/\/www.nebrija.com\/medios\/nebrijaglobalcampus\/\",\"name\":\"Global Campus Nebrija\",\"description\":\"Profesionales capaces de hacer que merezca la pena\",\"potentialAction\":[{\"@type\":\"SearchAction\",\"target\":{\"@type\":\"EntryPoint\",\"urlTemplate\":\"https:\/\/www.nebrija.com\/medios\/nebrijaglobalcampus\/?s={search_term_string}\"},\"query-input\":\"required name=search_term_string\"}],\"inLanguage\":\"es\"},{\"@type\":\"Person\",\"@id\":\"https:\/\/www.nebrija.com\/medios\/nebrijaglobalcampus\/#\/schema\/person\/0fa46cb03c7e07b210c31383337aa6ee\",\"name\":\"mgarcisa\",\"image\":{\"@type\":\"ImageObject\",\"inLanguage\":\"es\",\"@id\":\"https:\/\/www.nebrija.com\/medios\/nebrijaglobalcampus\/#\/schema\/person\/image\/\",\"url\":\"https:\/\/secure.gravatar.com\/avatar\/03c5100e64e7f8981aa1450029b9aae2?s=96&d=mm&r=g\",\"contentUrl\":\"https:\/\/secure.gravatar.com\/avatar\/03c5100e64e7f8981aa1450029b9aae2?s=96&d=mm&r=g\",\"caption\":\"mgarcisa\"},\"url\":\"https:\/\/www.nebrija.com\/medios\/nebrijaglobalcampus\/author\/mgarcisa\/\"}]}<\/script>\n<!-- \/ Yoast SEO plugin. -->","yoast_head_json":{"title":"Mi llegada a Global Campus: innovaci\u00f3n, reto, formaci\u00f3n - Global Campus Nebrija","robots":{"index":"index","follow":"follow","max-snippet":"max-snippet:-1","max-image-preview":"max-image-preview:large","max-video-preview":"max-video-preview:-1"},"canonical":"https:\/\/www.nebrija.com\/medios\/nebrijaglobalcampus\/2016\/02\/02\/mi-llegada-a-global-campus-innovacion-reto-formacion\/","og_locale":"es_ES","og_type":"article","og_title":"Mi llegada a Global Campus: innovaci\u00f3n, reto, formaci\u00f3n - Global Campus Nebrija","og_description":"Cuando empiezas a trabajar en un lugar nuevo, al principio todo son miedos e inseguridades, quieres saber si podr\u00e1s adaptarte r\u00e1pido al ritmo de trabajo, congeniar con tus compa\u00f1eros y si realmente podr\u00e1s desarrollarte profesionalmente haciendo lo que realmente te gusta. Tambi\u00e9n, para los que entendemos la innovaci\u00f3n y buscamos la mejora de la educaci\u00f3n, [&hellip;]","og_url":"https:\/\/www.nebrija.com\/medios\/nebrijaglobalcampus\/2016\/02\/02\/mi-llegada-a-global-campus-innovacion-reto-formacion\/","og_site_name":"Global Campus Nebrija","article_published_time":"2016-02-02T10:30:56+00:00","og_image":[{"width":1388,"height":867,"url":"https:\/\/www.nebrija.com\/medios\/nebrijaglobalcampus\/wp-content\/uploads\/sites\/31\/2016\/02\/Captura-start.jpg","type":"image\/jpeg"}],"author":"mgarcisa","twitter_card":"summary_large_image","twitter_misc":{"Escrito por":"mgarcisa","Tiempo de lectura":"2 minutos"},"schema":{"@context":"https:\/\/schema.org","@graph":[{"@type":"WebPage","@id":"https:\/\/www.nebrija.com\/medios\/nebrijaglobalcampus\/2016\/02\/02\/mi-llegada-a-global-campus-innovacion-reto-formacion\/","url":"https:\/\/www.nebrija.com\/medios\/nebrijaglobalcampus\/2016\/02\/02\/mi-llegada-a-global-campus-innovacion-reto-formacion\/","name":"Mi llegada a Global Campus: innovaci\u00f3n, reto, formaci\u00f3n - Global Campus Nebrija","isPartOf":{"@id":"https:\/\/www.nebrija.com\/medios\/nebrijaglobalcampus\/#website"},"datePublished":"2016-02-02T10:30:56+00:00","dateModified":"2016-02-02T10:30:56+00:00","author":{"@id":"https:\/\/www.nebrija.com\/medios\/nebrijaglobalcampus\/#\/schema\/person\/0fa46cb03c7e07b210c31383337aa6ee"},"breadcrumb":{"@id":"https:\/\/www.nebrija.com\/medios\/nebrijaglobalcampus\/2016\/02\/02\/mi-llegada-a-global-campus-innovacion-reto-formacion\/#breadcrumb"},"inLanguage":"es","potentialAction":[{"@type":"ReadAction","target":["https:\/\/www.nebrija.com\/medios\/nebrijaglobalcampus\/2016\/02\/02\/mi-llegada-a-global-campus-innovacion-reto-formacion\/"]}]},{"@type":"BreadcrumbList","@id":"https:\/\/www.nebrija.com\/medios\/nebrijaglobalcampus\/2016\/02\/02\/mi-llegada-a-global-campus-innovacion-reto-formacion\/#breadcrumb","itemListElement":[{"@type":"ListItem","position":1,"name":"Home","item":"https:\/\/www.nebrija.com\/medios\/nebrijaglobalcampus\/"},{"@type":"ListItem","position":2,"name":"Mi llegada a Global Campus: innovaci\u00f3n, reto, formaci\u00f3n"}]},{"@type":"WebSite","@id":"https:\/\/www.nebrija.com\/medios\/nebrijaglobalcampus\/#website","url":"https:\/\/www.nebrija.com\/medios\/nebrijaglobalcampus\/","name":"Global Campus Nebrija","description":"Profesionales capaces de hacer que merezca la pena","potentialAction":[{"@type":"SearchAction","target":{"@type":"EntryPoint","urlTemplate":"https:\/\/www.nebrija.com\/medios\/nebrijaglobalcampus\/?s={search_term_string}"},"query-input":"required name=search_term_string"}],"inLanguage":"es"},{"@type":"Person","@id":"https:\/\/www.nebrija.com\/medios\/nebrijaglobalcampus\/#\/schema\/person\/0fa46cb03c7e07b210c31383337aa6ee","name":"mgarcisa","image":{"@type":"ImageObject","inLanguage":"es","@id":"https:\/\/www.nebrija.com\/medios\/nebrijaglobalcampus\/#\/schema\/person\/image\/","url":"https:\/\/secure.gravatar.com\/avatar\/03c5100e64e7f8981aa1450029b9aae2?s=96&d=mm&r=g","contentUrl":"https:\/\/secure.gravatar.com\/avatar\/03c5100e64e7f8981aa1450029b9aae2?s=96&d=mm&r=g","caption":"mgarcisa"},"url":"https:\/\/www.nebrija.com\/medios\/nebrijaglobalcampus\/author\/mgarcisa\/"}]}},"_links":{"self":[{"href":"https:\/\/www.nebrija.com\/medios\/nebrijaglobalcampus\/wp-json\/wp\/v2\/posts\/309"}],"collection":[{"href":"https:\/\/www.nebrija.com\/medios\/nebrijaglobalcampus\/wp-json\/wp\/v2\/posts"}],"about":[{"href":"https:\/\/www.nebrija.com\/medios\/nebrijaglobalcampus\/wp-json\/wp\/v2\/types\/post"}],"author":[{"embeddable":true,"href":"https:\/\/www.nebrija.com\/medios\/nebrijaglobalcampus\/wp-json\/wp\/v2\/users\/97"}],"replies":[{"embeddable":true,"href":"https:\/\/www.nebrija.com\/medios\/nebrijaglobalcampus\/wp-json\/wp\/v2\/comments?post=309"}],"version-history":[{"count":5,"href":"https:\/\/www.nebrija.com\/medios\/nebrijaglobalcampus\/wp-json\/wp\/v2\/posts\/309\/revisions"}],"predecessor-version":[{"id":320,"href":"https:\/\/www.nebrija.com\/medios\/nebrijaglobalcampus\/wp-json\/wp\/v2\/posts\/309\/revisions\/320"}],"wp:featuredmedia":[{"embeddable":true,"href":"https:\/\/www.nebrija.com\/medios\/nebrijaglobalcampus\/wp-json\/wp\/v2\/media\/315"}],"wp:attachment":[{"href":"https:\/\/www.nebrija.com\/medios\/nebrijaglobalcampus\/wp-json\/wp\/v2\/media?parent=309"}],"wp:term":[{"taxonomy":"category","embeddable":true,"href":"https:\/\/www.nebrija.com\/medios\/nebrijaglobalcampus\/wp-json\/wp\/v2\/categories?post=309"},{"taxonomy":"post_tag","embeddable":true,"href":"https:\/\/www.nebrija.com\/medios\/nebrijaglobalcampus\/wp-json\/wp\/v2\/tags?post=309"}],"curies":[{"name":"wp","href":"https:\/\/api.w.org\/{rel}","templated":true}]}}