{"id":339,"date":"2016-02-11T08:44:57","date_gmt":"2016-02-11T08:44:57","guid":{"rendered":"http:\/\/www.nebrija.com\/medios\/nebrijaglobalcampus\/?p=339"},"modified":"2023-07-10T10:46:27","modified_gmt":"2023-07-10T10:46:27","slug":"alonso-zamora-vicente-en-la-retina-y-el-alma","status":"publish","type":"post","link":"https:\/\/www.nebrija.com\/medios\/nebrijaglobalcampus\/2016\/02\/11\/alonso-zamora-vicente-en-la-retina-y-el-alma\/","title":{"rendered":"Alonso Zamora Vicente en la retina y el alma"},"content":{"rendered":"<h6><strong>Actualizado a fecha 4 de julio de 2023.<\/strong><\/h6>\n<p style=\"text-align: justify\">Hace ya un siglo que el mundo tuvo la fortuna de conocer a <strong>Alonso Zamora Vicente<\/strong>. Decimos bien, todo el orbe y las letras espa\u00f1olas han tenido la inmensa suerte de contar con un humanista de su talla. Y concretamente, la letra D debe sentirse de las m\u00e1s afortunadas, ya que a ella se dedic\u00f3 nuestro afable <strong>Acad\u00e9mico de la Lengua<\/strong>.<\/p>\n<p style=\"text-align: justify\">Es f\u00e1cil imaginarse a Alonso Zamora deambulando por los vericuetos de las palabras que tienen a la D como su primera letra, o reflexionando sobre cuestiones l\u00e9xicas mientras paseaba por las universidades de Salamanca, Heidelberg o por los pinares del Campus de La Berzosa.<\/p>\n<p style=\"text-align: justify\">Como alumno de Men\u00e9ndez Pidal, Tom\u00e1s Navarro Tom\u00e1s, Am\u00e9rico Castro o Salinas, Alonso Zamora supo recoger el testigo, formar a innumerables escritores de la generaci\u00f3n de Carmen Mart\u00edn Gaite y seguir la senda de la investigaci\u00f3n ling\u00fc\u00edstica, filol\u00f3gica y literaria hasta dejarnos el legado que a\u00fan hoy se puede disfrutar gracias a la <strong>Fundaci\u00f3n Biblioteca Alonso Zamora Vicente<\/strong> cuya sede est\u00e1 en un precioso palacete renacentista de C\u00e1ceres abierto a cualquier interesado en su obra.<\/p>\n<p style=\"text-align: center\"><a href=\"http:\/\/ab.dip-caceres.es\/biblioteca-alonso-zamora-vicente\/index.html\" target=\"_blank\" rel=\"noopener noreferrer\">http:\/\/ab.dip-caceres.es\/biblioteca-alonso-zamora-vicente\/index.html<\/a><\/p>\n<p>&nbsp;<\/p>\n<p style=\"text-align: justify\">Quienes estamos enamorados de las lenguas, tenemos a Alonso Zamora en la retina y en el alma, como un baluarte que nos proporciona apoyo y ligereza cuando sentimos el peso academicista de la norma gramatical. Pues si algo nos han ense\u00f1ado sus escritos desde que se dedicara a la dialectolog\u00eda en su tesis sobre <strong><em>El habla de M\u00e9rida<\/em><\/strong> es que la lengua es vida y est\u00e1 viva en cada uno de los hablantes, y en cada uno de sus rasgos dialectales y personales. De igual forma que es el habla el que conforma a los personajes que nos describe en sus obras, as\u00ed cada uno de nosotros debemos tener y sentir la libertad de jugar con la lengua, desde el respeto pero sinti\u00e9ndonos libres de usarla, enriquecerla y abrazar todos sus cromatismos.<\/p>\n<p style=\"text-align: justify\">Cien a\u00f1os hace ya que naci\u00f3, un <strong>1 de febrero de 1916<\/strong>, y su legado permanece en sus libros, en sus ideas, en los recuerdos de aquellos que lo conocieron y pudieron disfrutar de su compa\u00f1\u00eda, y tambi\u00e9n en el pensamiento de los que lo descubrimos gracias a sus escritos.<\/p>\n<p style=\"text-align: justify\">Este legado es un tesoro que a\u00fan hoy est\u00e1 vivo y sigue manteniendo toda la lozan\u00eda del ayer. Era nuestro prop\u00f3sito traerlo a la memoria y evocarlo de la mejor forma posible, recordando que sus escritos siguen estando vigentes y por supuesto disponibles.<\/p>\n<p style=\"text-align: justify\">En el fondo de la <strong>Red de Bibliotecas de la Universidad Nebrija<\/strong> tenemos una recoleta pero entra\u00f1able selecci\u00f3n de uno de los m\u00e1s ilustres profesores con los que ha contado nuestra universidad. Qu\u00e9 mejor formar de rendir homenaje a Alonso Zamora Vicente que a trav\u00e9s del disfrute de sus obras.<\/p>\n<p style=\"text-align: center\"><a href=\"https:\/\/biblioteca.nebrija.es\/cgi-bin\/opac\/?ACC=DOSEARCH&amp;xsqf99=ZZ0028642.AUTZ.\" target=\"_blank\" rel=\"noopener noreferrer\">https:\/\/biblioteca.nebrija.es\/cgi-bin\/opac\/?ACC=DOSEARCH&amp;xsqf99=ZZ0028642.AUTZ.<\/a><\/p>\n<p>Te recomendamos tambi\u00e9n la exposici\u00f3n que ha preparado la <strong>Biblioteca Nacional de Espa\u00f1a<\/strong>, Alonso Zamora Vicente (1916-2006), pasi\u00f3n por la lengua y la literatura, abierta hasta el 18 de marzo.<\/p>\n<p style=\"text-align: center\"><a href=\"https:\/\/www.bne.es\/es\/servicios\/informacion-bibliografica\/muestras-bibliograficas\/zamora_vicente\" target=\"_blank\" rel=\"noopener noreferrer\">https:\/\/www.bne.es\/es\/servicios\/informacion-bibliografica\/muestras-bibliograficas\/zamora_vicente<\/a><\/p>\n<p>&nbsp;<\/p>\n<p><strong><em>Pilar Jim\u00e9nez Encinas <\/em><\/strong><\/p>\n<p><strong><em>Servicio de Biblioteca<\/em><\/strong><\/p>\n","protected":false},"excerpt":{"rendered":"<p>Actualizado a fecha 4 de julio de 2023. Hace ya un siglo que el mundo tuvo la fortuna de conocer a Alonso Zamora Vicente. Decimos bien, todo el orbe y las letras espa\u00f1olas han tenido la inmensa suerte de contar con un humanista de su talla. Y concretamente, la letra D debe sentirse de las [&hellip;]<\/p>\n","protected":false},"author":97,"featured_media":343,"comment_status":"open","ping_status":"open","sticky":false,"template":"","format":"standard","meta":{"_monsterinsights_skip_tracking":false,"_monsterinsights_sitenote_active":false,"_monsterinsights_sitenote_note":"","_monsterinsights_sitenote_category":0,"footnotes":""},"categories":[71],"tags":[74,81,14],"acf":[],"yoast_head":"<!-- This site is optimized with the Yoast SEO plugin v22.1 - https:\/\/yoast.com\/wordpress\/plugins\/seo\/ -->\n<title>Alonso Zamora Vicente en la retina y el alma - Global Campus Nebrija<\/title>\n<meta name=\"robots\" content=\"index, follow, max-snippet:-1, max-image-preview:large, max-video-preview:-1\" \/>\n<link rel=\"canonical\" href=\"https:\/\/www.nebrija.com\/medios\/nebrijaglobalcampus\/2016\/02\/11\/alonso-zamora-vicente-en-la-retina-y-el-alma\/\" \/>\n<meta property=\"og:locale\" content=\"es_ES\" \/>\n<meta property=\"og:type\" content=\"article\" \/>\n<meta property=\"og:title\" content=\"Alonso Zamora Vicente en la retina y el alma - Global Campus Nebrija\" \/>\n<meta property=\"og:description\" content=\"Actualizado a fecha 4 de julio de 2023. Hace ya un siglo que el mundo tuvo la fortuna de conocer a Alonso Zamora Vicente. Decimos bien, todo el orbe y las letras espa\u00f1olas han tenido la inmensa suerte de contar con un humanista de su talla. Y concretamente, la letra D debe sentirse de las [&hellip;]\" \/>\n<meta property=\"og:url\" content=\"https:\/\/www.nebrija.com\/medios\/nebrijaglobalcampus\/2016\/02\/11\/alonso-zamora-vicente-en-la-retina-y-el-alma\/\" \/>\n<meta property=\"og:site_name\" content=\"Global Campus Nebrija\" \/>\n<meta property=\"article:published_time\" content=\"2016-02-11T08:44:57+00:00\" \/>\n<meta property=\"article:modified_time\" content=\"2023-07-10T10:46:27+00:00\" \/>\n<meta property=\"og:image\" content=\"https:\/\/www.nebrija.com\/medios\/nebrijaglobalcampus\/wp-content\/uploads\/sites\/31\/2016\/02\/Alonso-Zamora-1.jpg\" \/>\n\t<meta property=\"og:image:width\" content=\"800\" \/>\n\t<meta property=\"og:image:height\" content=\"197\" \/>\n\t<meta property=\"og:image:type\" content=\"image\/jpeg\" \/>\n<meta name=\"author\" content=\"mgarcisa\" \/>\n<meta name=\"twitter:card\" content=\"summary_large_image\" \/>\n<meta name=\"twitter:label1\" content=\"Escrito por\" \/>\n\t<meta name=\"twitter:data1\" content=\"mgarcisa\" \/>\n\t<meta name=\"twitter:label2\" content=\"Tiempo de lectura\" \/>\n\t<meta name=\"twitter:data2\" content=\"3 minutos\" \/>\n<script type=\"application\/ld+json\" class=\"yoast-schema-graph\">{\"@context\":\"https:\/\/schema.org\",\"@graph\":[{\"@type\":\"WebPage\",\"@id\":\"https:\/\/www.nebrija.com\/medios\/nebrijaglobalcampus\/2016\/02\/11\/alonso-zamora-vicente-en-la-retina-y-el-alma\/\",\"url\":\"https:\/\/www.nebrija.com\/medios\/nebrijaglobalcampus\/2016\/02\/11\/alonso-zamora-vicente-en-la-retina-y-el-alma\/\",\"name\":\"Alonso Zamora Vicente en la retina y el alma - Global Campus Nebrija\",\"isPartOf\":{\"@id\":\"https:\/\/www.nebrija.com\/medios\/nebrijaglobalcampus\/#website\"},\"datePublished\":\"2016-02-11T08:44:57+00:00\",\"dateModified\":\"2023-07-10T10:46:27+00:00\",\"author\":{\"@id\":\"https:\/\/www.nebrija.com\/medios\/nebrijaglobalcampus\/#\/schema\/person\/0fa46cb03c7e07b210c31383337aa6ee\"},\"breadcrumb\":{\"@id\":\"https:\/\/www.nebrija.com\/medios\/nebrijaglobalcampus\/2016\/02\/11\/alonso-zamora-vicente-en-la-retina-y-el-alma\/#breadcrumb\"},\"inLanguage\":\"es\",\"potentialAction\":[{\"@type\":\"ReadAction\",\"target\":[\"https:\/\/www.nebrija.com\/medios\/nebrijaglobalcampus\/2016\/02\/11\/alonso-zamora-vicente-en-la-retina-y-el-alma\/\"]}]},{\"@type\":\"BreadcrumbList\",\"@id\":\"https:\/\/www.nebrija.com\/medios\/nebrijaglobalcampus\/2016\/02\/11\/alonso-zamora-vicente-en-la-retina-y-el-alma\/#breadcrumb\",\"itemListElement\":[{\"@type\":\"ListItem\",\"position\":1,\"name\":\"Home\",\"item\":\"https:\/\/www.nebrija.com\/medios\/nebrijaglobalcampus\/\"},{\"@type\":\"ListItem\",\"position\":2,\"name\":\"Alonso Zamora Vicente en la retina y el alma\"}]},{\"@type\":\"WebSite\",\"@id\":\"https:\/\/www.nebrija.com\/medios\/nebrijaglobalcampus\/#website\",\"url\":\"https:\/\/www.nebrija.com\/medios\/nebrijaglobalcampus\/\",\"name\":\"Global Campus Nebrija\",\"description\":\"Profesionales capaces de hacer que merezca la pena\",\"potentialAction\":[{\"@type\":\"SearchAction\",\"target\":{\"@type\":\"EntryPoint\",\"urlTemplate\":\"https:\/\/www.nebrija.com\/medios\/nebrijaglobalcampus\/?s={search_term_string}\"},\"query-input\":\"required name=search_term_string\"}],\"inLanguage\":\"es\"},{\"@type\":\"Person\",\"@id\":\"https:\/\/www.nebrija.com\/medios\/nebrijaglobalcampus\/#\/schema\/person\/0fa46cb03c7e07b210c31383337aa6ee\",\"name\":\"mgarcisa\",\"image\":{\"@type\":\"ImageObject\",\"inLanguage\":\"es\",\"@id\":\"https:\/\/www.nebrija.com\/medios\/nebrijaglobalcampus\/#\/schema\/person\/image\/\",\"url\":\"https:\/\/secure.gravatar.com\/avatar\/03c5100e64e7f8981aa1450029b9aae2?s=96&d=mm&r=g\",\"contentUrl\":\"https:\/\/secure.gravatar.com\/avatar\/03c5100e64e7f8981aa1450029b9aae2?s=96&d=mm&r=g\",\"caption\":\"mgarcisa\"},\"url\":\"https:\/\/www.nebrija.com\/medios\/nebrijaglobalcampus\/author\/mgarcisa\/\"}]}<\/script>\n<!-- \/ Yoast SEO plugin. -->","yoast_head_json":{"title":"Alonso Zamora Vicente en la retina y el alma - Global Campus Nebrija","robots":{"index":"index","follow":"follow","max-snippet":"max-snippet:-1","max-image-preview":"max-image-preview:large","max-video-preview":"max-video-preview:-1"},"canonical":"https:\/\/www.nebrija.com\/medios\/nebrijaglobalcampus\/2016\/02\/11\/alonso-zamora-vicente-en-la-retina-y-el-alma\/","og_locale":"es_ES","og_type":"article","og_title":"Alonso Zamora Vicente en la retina y el alma - Global Campus Nebrija","og_description":"Actualizado a fecha 4 de julio de 2023. Hace ya un siglo que el mundo tuvo la fortuna de conocer a Alonso Zamora Vicente. Decimos bien, todo el orbe y las letras espa\u00f1olas han tenido la inmensa suerte de contar con un humanista de su talla. Y concretamente, la letra D debe sentirse de las [&hellip;]","og_url":"https:\/\/www.nebrija.com\/medios\/nebrijaglobalcampus\/2016\/02\/11\/alonso-zamora-vicente-en-la-retina-y-el-alma\/","og_site_name":"Global Campus Nebrija","article_published_time":"2016-02-11T08:44:57+00:00","article_modified_time":"2023-07-10T10:46:27+00:00","og_image":[{"width":800,"height":197,"url":"https:\/\/www.nebrija.com\/medios\/nebrijaglobalcampus\/wp-content\/uploads\/sites\/31\/2016\/02\/Alonso-Zamora-1.jpg","type":"image\/jpeg"}],"author":"mgarcisa","twitter_card":"summary_large_image","twitter_misc":{"Escrito por":"mgarcisa","Tiempo de lectura":"3 minutos"},"schema":{"@context":"https:\/\/schema.org","@graph":[{"@type":"WebPage","@id":"https:\/\/www.nebrija.com\/medios\/nebrijaglobalcampus\/2016\/02\/11\/alonso-zamora-vicente-en-la-retina-y-el-alma\/","url":"https:\/\/www.nebrija.com\/medios\/nebrijaglobalcampus\/2016\/02\/11\/alonso-zamora-vicente-en-la-retina-y-el-alma\/","name":"Alonso Zamora Vicente en la retina y el alma - Global Campus Nebrija","isPartOf":{"@id":"https:\/\/www.nebrija.com\/medios\/nebrijaglobalcampus\/#website"},"datePublished":"2016-02-11T08:44:57+00:00","dateModified":"2023-07-10T10:46:27+00:00","author":{"@id":"https:\/\/www.nebrija.com\/medios\/nebrijaglobalcampus\/#\/schema\/person\/0fa46cb03c7e07b210c31383337aa6ee"},"breadcrumb":{"@id":"https:\/\/www.nebrija.com\/medios\/nebrijaglobalcampus\/2016\/02\/11\/alonso-zamora-vicente-en-la-retina-y-el-alma\/#breadcrumb"},"inLanguage":"es","potentialAction":[{"@type":"ReadAction","target":["https:\/\/www.nebrija.com\/medios\/nebrijaglobalcampus\/2016\/02\/11\/alonso-zamora-vicente-en-la-retina-y-el-alma\/"]}]},{"@type":"BreadcrumbList","@id":"https:\/\/www.nebrija.com\/medios\/nebrijaglobalcampus\/2016\/02\/11\/alonso-zamora-vicente-en-la-retina-y-el-alma\/#breadcrumb","itemListElement":[{"@type":"ListItem","position":1,"name":"Home","item":"https:\/\/www.nebrija.com\/medios\/nebrijaglobalcampus\/"},{"@type":"ListItem","position":2,"name":"Alonso Zamora Vicente en la retina y el alma"}]},{"@type":"WebSite","@id":"https:\/\/www.nebrija.com\/medios\/nebrijaglobalcampus\/#website","url":"https:\/\/www.nebrija.com\/medios\/nebrijaglobalcampus\/","name":"Global Campus Nebrija","description":"Profesionales capaces de hacer que merezca la pena","potentialAction":[{"@type":"SearchAction","target":{"@type":"EntryPoint","urlTemplate":"https:\/\/www.nebrija.com\/medios\/nebrijaglobalcampus\/?s={search_term_string}"},"query-input":"required name=search_term_string"}],"inLanguage":"es"},{"@type":"Person","@id":"https:\/\/www.nebrija.com\/medios\/nebrijaglobalcampus\/#\/schema\/person\/0fa46cb03c7e07b210c31383337aa6ee","name":"mgarcisa","image":{"@type":"ImageObject","inLanguage":"es","@id":"https:\/\/www.nebrija.com\/medios\/nebrijaglobalcampus\/#\/schema\/person\/image\/","url":"https:\/\/secure.gravatar.com\/avatar\/03c5100e64e7f8981aa1450029b9aae2?s=96&d=mm&r=g","contentUrl":"https:\/\/secure.gravatar.com\/avatar\/03c5100e64e7f8981aa1450029b9aae2?s=96&d=mm&r=g","caption":"mgarcisa"},"url":"https:\/\/www.nebrija.com\/medios\/nebrijaglobalcampus\/author\/mgarcisa\/"}]}},"_links":{"self":[{"href":"https:\/\/www.nebrija.com\/medios\/nebrijaglobalcampus\/wp-json\/wp\/v2\/posts\/339"}],"collection":[{"href":"https:\/\/www.nebrija.com\/medios\/nebrijaglobalcampus\/wp-json\/wp\/v2\/posts"}],"about":[{"href":"https:\/\/www.nebrija.com\/medios\/nebrijaglobalcampus\/wp-json\/wp\/v2\/types\/post"}],"author":[{"embeddable":true,"href":"https:\/\/www.nebrija.com\/medios\/nebrijaglobalcampus\/wp-json\/wp\/v2\/users\/97"}],"replies":[{"embeddable":true,"href":"https:\/\/www.nebrija.com\/medios\/nebrijaglobalcampus\/wp-json\/wp\/v2\/comments?post=339"}],"version-history":[{"count":8,"href":"https:\/\/www.nebrija.com\/medios\/nebrijaglobalcampus\/wp-json\/wp\/v2\/posts\/339\/revisions"}],"predecessor-version":[{"id":4240,"href":"https:\/\/www.nebrija.com\/medios\/nebrijaglobalcampus\/wp-json\/wp\/v2\/posts\/339\/revisions\/4240"}],"wp:featuredmedia":[{"embeddable":true,"href":"https:\/\/www.nebrija.com\/medios\/nebrijaglobalcampus\/wp-json\/wp\/v2\/media\/343"}],"wp:attachment":[{"href":"https:\/\/www.nebrija.com\/medios\/nebrijaglobalcampus\/wp-json\/wp\/v2\/media?parent=339"}],"wp:term":[{"taxonomy":"category","embeddable":true,"href":"https:\/\/www.nebrija.com\/medios\/nebrijaglobalcampus\/wp-json\/wp\/v2\/categories?post=339"},{"taxonomy":"post_tag","embeddable":true,"href":"https:\/\/www.nebrija.com\/medios\/nebrijaglobalcampus\/wp-json\/wp\/v2\/tags?post=339"}],"curies":[{"name":"wp","href":"https:\/\/api.w.org\/{rel}","templated":true}]}}