{"id":3598,"date":"2021-12-17T15:53:01","date_gmt":"2021-12-17T15:53:01","guid":{"rendered":"https:\/\/www.nebrija.com\/medios\/nebrijaglobalcampus\/?p=3598"},"modified":"2021-12-17T15:53:02","modified_gmt":"2021-12-17T15:53:02","slug":"nuestra-presencialidad-hibrida-premio-magisterio-2021","status":"publish","type":"post","link":"https:\/\/www.nebrija.com\/medios\/nebrijaglobalcampus\/2021\/12\/17\/nuestra-presencialidad-hibrida-premio-magisterio-2021\/","title":{"rendered":"Nuestra presencialidad h\u00edbrida, premio Magisterio 2021"},"content":{"rendered":"\n<p>La Universidad Nebrija ha recibido el <a href=\"https:\/\/www.premiosmagisterio.com\/?mc_cid=b04b4d891c&amp;mc_eid=51fb0e16b3\" target=\"_blank\" rel=\"noreferrer noopener\">premio Magisterio<\/a> por el modelo de <strong>presencialidad h\u00edbrida<\/strong> en la XIII edici\u00f3n de estos prestigiosos galardones celebrada el pasado martes en CaixaForum Madrid, en una gala presidida por Pilar Alegr\u00eda, ministra de Educaci\u00f3n y Formaci\u00f3n Profesional.<\/p>\n\n\n\n<p>Este proyecto ha impactado de manera directa en m\u00e1s de 4.500 personas y ha supuesto una transformaci\u00f3n de los espacios f\u00edsicos y virtuales siempre con el enfoque metodol\u00f3gico propio de nuestra universidad.<\/p>\n\n\n\n<p>Recogieron el premio Cristina Villalonga, directora de Global Campus, y Jos\u00e9 Mu\u00f1iz, rector de la Univerisdad Nebrija.<\/p>\n\n\n\n<p>Aqu\u00ed os dejamos la <a href=\"https:\/\/www.nebrija.com\/medios\/actualidadnebrija\/2021\/12\/15\/la-universidad-nebrija-premio-magisterio-por-su-modelo-de-presencialidad-hibrida\/\" target=\"_blank\" rel=\"noreferrer noopener\">magn\u00edfica cr\u00f3nica<\/a> de nuestros compa\u00f1eros de Comunicaci\u00f3n. Pod\u00e9is ver la gala completa en:<\/p>\n\n\n\n<div style=\"height:20px\" aria-hidden=\"true\" class=\"wp-block-spacer\"><\/div>\n\n\n\n<figure class=\"wp-block-embed-youtube wp-block-embed is-type-video is-provider-youtube wp-embed-aspect-16-9 wp-has-aspect-ratio\"><div class=\"wp-block-embed__wrapper\">\n<div class=\"arve aligncenter\" data-mode=\"normal\" data-oembed=\"1\" data-provider=\"youtube\" id=\"arve-youtube-6bee0xzsoaw69f2105cc1719221226775\" style=\"max-width:400px;\">\n<span class=\"arve-inner\">\n<span class=\"arve-embed arve-embed--has-aspect-ratio\" style=\"aspect-ratio: 648 \/ 365\">\n<span class=\"arve-ar\" style=\"padding-top:56.327160%\"><\/span><iframe loading=\"lazy\" allow=\"accelerometer; autoplay; clipboard-write; encrypted-media; gyroscope; picture-in-picture\" allowfullscreen class=\"arve-iframe fitvidsignore\" data-arve=\"arve-youtube-6bee0xzsoaw69f2105cc1719221226775\" data-src-no-ap=\"https:\/\/www.youtube-nocookie.com\/embed\/6beE0XzSOAw?start=2328&amp;feature=oembed&amp;iv_load_policy=3&amp;modestbranding=1&amp;rel=0&amp;autohide=1&amp;playsinline=0&amp;autoplay=0\" frameborder=\"0\" height=\"225.30864197531\" sandbox=\"allow-scripts allow-same-origin allow-presentation allow-popups allow-popups-to-escape-sandbox\" scrolling=\"no\" src=\"https:\/\/www.youtube-nocookie.com\/embed\/6beE0XzSOAw?start=2328&#038;feature=oembed&#038;iv_load_policy=3&#038;modestbranding=1&#038;rel=0&#038;autohide=1&#038;playsinline=0&#038;autoplay=0\" width=\"400\"><\/iframe>\n\n<\/span>\n\n<\/span>\n<script type=\"application\/ld+json\">{\"@context\":\"http:\\\/\\\/schema.org\\\/\",\"@id\":\"https:\\\/\\\/www.nebrija.com\\\/medios\\\/nebrijaglobalcampus\\\/2021\\\/12\\\/17\\\/nuestra-presencialidad-hibrida-premio-magisterio-2021\\\/#arve-youtube-6bee0xzsoaw69f2105cc1719221226775\",\"type\":\"VideoObject\",\"embedURL\":\"https:\\\/\\\/www.youtube-nocookie.com\\\/embed\\\/6beE0XzSOAw?start=2328&feature=oembed&iv_load_policy=3&modestbranding=1&rel=0&autohide=1&playsinline=0&autoplay=0\"}<\/script>\n<\/div>\n\n<\/div><\/figure>\n\n\n\n<div style=\"height:20px\" aria-hidden=\"true\" class=\"wp-block-spacer\"><\/div>\n\n\n\n<p>Un gran orgullo para el equipo de <a href=\"https:\/\/twitter.com\/NebrijaGlobal\" target=\"_blank\" rel=\"noreferrer noopener\">Global Campus<\/a> y para toda la Comunidad <a href=\"https:\/\/www.nebrija.com\/\" target=\"_blank\" rel=\"noreferrer noopener\">Nebrija<\/a>.<\/p>\n\n\n\n<p>Seguimos trabajando por y para nuestr@s estudiantes.<\/p>\n\n\n\n<div style=\"height:20px\" aria-hidden=\"true\" class=\"wp-block-spacer\"><\/div>\n\n\n\n<p><\/p>\n\n\n\n<p><strong><em>Global Campus Nebrija<\/em><\/strong><\/p>\n\n\n\n<div style=\"height:20px\" aria-hidden=\"true\" class=\"wp-block-spacer\"><\/div>\n\n\n\n<p><\/p>\n","protected":false},"excerpt":{"rendered":"<p>La Universidad Nebrija ha recibido el premio Magisterio por el modelo de presencialidad h\u00edbrida en la XIII edici\u00f3n de estos prestigiosos galardones celebrada el pasado martes en CaixaForum Madrid, en una gala presidida por Pilar Alegr\u00eda, ministra de Educaci\u00f3n y Formaci\u00f3n Profesional. Este proyecto ha impactado de manera directa en m\u00e1s de 4.500 personas y [&hellip;]<\/p>\n","protected":false},"author":97,"featured_media":3599,"comment_status":"open","ping_status":"open","sticky":false,"template":"","format":"standard","meta":{"_monsterinsights_skip_tracking":false,"_monsterinsights_sitenote_active":false,"_monsterinsights_sitenote_note":"","_monsterinsights_sitenote_category":0,"footnotes":""},"categories":[9,1],"tags":[1547,125,54,17,1549,1546,28,1548,1377,14],"acf":[],"yoast_head":"<!-- This site is optimized with the Yoast SEO plugin v22.1 - https:\/\/yoast.com\/wordpress\/plugins\/seo\/ -->\n<title>Nuestra presencialidad h\u00edbrida, premio Magisterio 2021 - Global Campus Nebrija<\/title>\n<meta name=\"robots\" content=\"index, follow, max-snippet:-1, max-image-preview:large, max-video-preview:-1\" \/>\n<link rel=\"canonical\" href=\"https:\/\/www.nebrija.com\/medios\/nebrijaglobalcampus\/2021\/12\/17\/nuestra-presencialidad-hibrida-premio-magisterio-2021\/\" \/>\n<meta property=\"og:locale\" content=\"es_ES\" \/>\n<meta property=\"og:type\" content=\"article\" \/>\n<meta property=\"og:title\" content=\"Nuestra presencialidad h\u00edbrida, premio Magisterio 2021 - Global Campus Nebrija\" \/>\n<meta property=\"og:description\" content=\"La Universidad Nebrija ha recibido el premio Magisterio por el modelo de presencialidad h\u00edbrida en la XIII edici\u00f3n de estos prestigiosos galardones celebrada el pasado martes en CaixaForum Madrid, en una gala presidida por Pilar Alegr\u00eda, ministra de Educaci\u00f3n y Formaci\u00f3n Profesional. Este proyecto ha impactado de manera directa en m\u00e1s de 4.500 personas y [&hellip;]\" \/>\n<meta property=\"og:url\" content=\"https:\/\/www.nebrija.com\/medios\/nebrijaglobalcampus\/2021\/12\/17\/nuestra-presencialidad-hibrida-premio-magisterio-2021\/\" \/>\n<meta property=\"og:site_name\" content=\"Global Campus Nebrija\" \/>\n<meta property=\"article:published_time\" content=\"2021-12-17T15:53:01+00:00\" \/>\n<meta property=\"article:modified_time\" content=\"2021-12-17T15:53:02+00:00\" \/>\n<meta property=\"og:image\" content=\"https:\/\/www.nebrija.com\/medios\/nebrijaglobalcampus\/wp-content\/uploads\/sites\/31\/2021\/12\/premios-magisterio-2021-4.jpg\" \/>\n\t<meta property=\"og:image:width\" content=\"2048\" \/>\n\t<meta property=\"og:image:height\" content=\"1145\" \/>\n\t<meta property=\"og:image:type\" content=\"image\/jpeg\" \/>\n<meta name=\"author\" content=\"mgarcisa\" \/>\n<meta name=\"twitter:card\" content=\"summary_large_image\" \/>\n<meta name=\"twitter:label1\" content=\"Escrito por\" \/>\n\t<meta name=\"twitter:data1\" content=\"mgarcisa\" \/>\n\t<meta name=\"twitter:label2\" content=\"Tiempo de lectura\" \/>\n\t<meta name=\"twitter:data2\" content=\"1 minuto\" \/>\n<script type=\"application\/ld+json\" class=\"yoast-schema-graph\">{\"@context\":\"https:\/\/schema.org\",\"@graph\":[{\"@type\":\"WebPage\",\"@id\":\"https:\/\/www.nebrija.com\/medios\/nebrijaglobalcampus\/2021\/12\/17\/nuestra-presencialidad-hibrida-premio-magisterio-2021\/\",\"url\":\"https:\/\/www.nebrija.com\/medios\/nebrijaglobalcampus\/2021\/12\/17\/nuestra-presencialidad-hibrida-premio-magisterio-2021\/\",\"name\":\"Nuestra presencialidad h\u00edbrida, premio Magisterio 2021 - Global Campus Nebrija\",\"isPartOf\":{\"@id\":\"https:\/\/www.nebrija.com\/medios\/nebrijaglobalcampus\/#website\"},\"datePublished\":\"2021-12-17T15:53:01+00:00\",\"dateModified\":\"2021-12-17T15:53:02+00:00\",\"author\":{\"@id\":\"https:\/\/www.nebrija.com\/medios\/nebrijaglobalcampus\/#\/schema\/person\/0fa46cb03c7e07b210c31383337aa6ee\"},\"breadcrumb\":{\"@id\":\"https:\/\/www.nebrija.com\/medios\/nebrijaglobalcampus\/2021\/12\/17\/nuestra-presencialidad-hibrida-premio-magisterio-2021\/#breadcrumb\"},\"inLanguage\":\"es\",\"potentialAction\":[{\"@type\":\"ReadAction\",\"target\":[\"https:\/\/www.nebrija.com\/medios\/nebrijaglobalcampus\/2021\/12\/17\/nuestra-presencialidad-hibrida-premio-magisterio-2021\/\"]}]},{\"@type\":\"BreadcrumbList\",\"@id\":\"https:\/\/www.nebrija.com\/medios\/nebrijaglobalcampus\/2021\/12\/17\/nuestra-presencialidad-hibrida-premio-magisterio-2021\/#breadcrumb\",\"itemListElement\":[{\"@type\":\"ListItem\",\"position\":1,\"name\":\"Home\",\"item\":\"https:\/\/www.nebrija.com\/medios\/nebrijaglobalcampus\/\"},{\"@type\":\"ListItem\",\"position\":2,\"name\":\"Nuestra presencialidad h\u00edbrida, premio Magisterio 2021\"}]},{\"@type\":\"WebSite\",\"@id\":\"https:\/\/www.nebrija.com\/medios\/nebrijaglobalcampus\/#website\",\"url\":\"https:\/\/www.nebrija.com\/medios\/nebrijaglobalcampus\/\",\"name\":\"Global Campus Nebrija\",\"description\":\"Profesionales capaces de hacer que merezca la pena\",\"potentialAction\":[{\"@type\":\"SearchAction\",\"target\":{\"@type\":\"EntryPoint\",\"urlTemplate\":\"https:\/\/www.nebrija.com\/medios\/nebrijaglobalcampus\/?s={search_term_string}\"},\"query-input\":\"required name=search_term_string\"}],\"inLanguage\":\"es\"},{\"@type\":\"Person\",\"@id\":\"https:\/\/www.nebrija.com\/medios\/nebrijaglobalcampus\/#\/schema\/person\/0fa46cb03c7e07b210c31383337aa6ee\",\"name\":\"mgarcisa\",\"image\":{\"@type\":\"ImageObject\",\"inLanguage\":\"es\",\"@id\":\"https:\/\/www.nebrija.com\/medios\/nebrijaglobalcampus\/#\/schema\/person\/image\/\",\"url\":\"https:\/\/secure.gravatar.com\/avatar\/03c5100e64e7f8981aa1450029b9aae2?s=96&d=mm&r=g\",\"contentUrl\":\"https:\/\/secure.gravatar.com\/avatar\/03c5100e64e7f8981aa1450029b9aae2?s=96&d=mm&r=g\",\"caption\":\"mgarcisa\"},\"url\":\"https:\/\/www.nebrija.com\/medios\/nebrijaglobalcampus\/author\/mgarcisa\/\"}]}<\/script>\n<!-- \/ Yoast SEO plugin. -->","yoast_head_json":{"title":"Nuestra presencialidad h\u00edbrida, premio Magisterio 2021 - Global Campus Nebrija","robots":{"index":"index","follow":"follow","max-snippet":"max-snippet:-1","max-image-preview":"max-image-preview:large","max-video-preview":"max-video-preview:-1"},"canonical":"https:\/\/www.nebrija.com\/medios\/nebrijaglobalcampus\/2021\/12\/17\/nuestra-presencialidad-hibrida-premio-magisterio-2021\/","og_locale":"es_ES","og_type":"article","og_title":"Nuestra presencialidad h\u00edbrida, premio Magisterio 2021 - Global Campus Nebrija","og_description":"La Universidad Nebrija ha recibido el premio Magisterio por el modelo de presencialidad h\u00edbrida en la XIII edici\u00f3n de estos prestigiosos galardones celebrada el pasado martes en CaixaForum Madrid, en una gala presidida por Pilar Alegr\u00eda, ministra de Educaci\u00f3n y Formaci\u00f3n Profesional. Este proyecto ha impactado de manera directa en m\u00e1s de 4.500 personas y [&hellip;]","og_url":"https:\/\/www.nebrija.com\/medios\/nebrijaglobalcampus\/2021\/12\/17\/nuestra-presencialidad-hibrida-premio-magisterio-2021\/","og_site_name":"Global Campus Nebrija","article_published_time":"2021-12-17T15:53:01+00:00","article_modified_time":"2021-12-17T15:53:02+00:00","og_image":[{"width":2048,"height":1145,"url":"https:\/\/www.nebrija.com\/medios\/nebrijaglobalcampus\/wp-content\/uploads\/sites\/31\/2021\/12\/premios-magisterio-2021-4.jpg","type":"image\/jpeg"}],"author":"mgarcisa","twitter_card":"summary_large_image","twitter_misc":{"Escrito por":"mgarcisa","Tiempo de lectura":"1 minuto"},"schema":{"@context":"https:\/\/schema.org","@graph":[{"@type":"WebPage","@id":"https:\/\/www.nebrija.com\/medios\/nebrijaglobalcampus\/2021\/12\/17\/nuestra-presencialidad-hibrida-premio-magisterio-2021\/","url":"https:\/\/www.nebrija.com\/medios\/nebrijaglobalcampus\/2021\/12\/17\/nuestra-presencialidad-hibrida-premio-magisterio-2021\/","name":"Nuestra presencialidad h\u00edbrida, premio Magisterio 2021 - Global Campus Nebrija","isPartOf":{"@id":"https:\/\/www.nebrija.com\/medios\/nebrijaglobalcampus\/#website"},"datePublished":"2021-12-17T15:53:01+00:00","dateModified":"2021-12-17T15:53:02+00:00","author":{"@id":"https:\/\/www.nebrija.com\/medios\/nebrijaglobalcampus\/#\/schema\/person\/0fa46cb03c7e07b210c31383337aa6ee"},"breadcrumb":{"@id":"https:\/\/www.nebrija.com\/medios\/nebrijaglobalcampus\/2021\/12\/17\/nuestra-presencialidad-hibrida-premio-magisterio-2021\/#breadcrumb"},"inLanguage":"es","potentialAction":[{"@type":"ReadAction","target":["https:\/\/www.nebrija.com\/medios\/nebrijaglobalcampus\/2021\/12\/17\/nuestra-presencialidad-hibrida-premio-magisterio-2021\/"]}]},{"@type":"BreadcrumbList","@id":"https:\/\/www.nebrija.com\/medios\/nebrijaglobalcampus\/2021\/12\/17\/nuestra-presencialidad-hibrida-premio-magisterio-2021\/#breadcrumb","itemListElement":[{"@type":"ListItem","position":1,"name":"Home","item":"https:\/\/www.nebrija.com\/medios\/nebrijaglobalcampus\/"},{"@type":"ListItem","position":2,"name":"Nuestra presencialidad h\u00edbrida, premio Magisterio 2021"}]},{"@type":"WebSite","@id":"https:\/\/www.nebrija.com\/medios\/nebrijaglobalcampus\/#website","url":"https:\/\/www.nebrija.com\/medios\/nebrijaglobalcampus\/","name":"Global Campus Nebrija","description":"Profesionales capaces de hacer que merezca la pena","potentialAction":[{"@type":"SearchAction","target":{"@type":"EntryPoint","urlTemplate":"https:\/\/www.nebrija.com\/medios\/nebrijaglobalcampus\/?s={search_term_string}"},"query-input":"required name=search_term_string"}],"inLanguage":"es"},{"@type":"Person","@id":"https:\/\/www.nebrija.com\/medios\/nebrijaglobalcampus\/#\/schema\/person\/0fa46cb03c7e07b210c31383337aa6ee","name":"mgarcisa","image":{"@type":"ImageObject","inLanguage":"es","@id":"https:\/\/www.nebrija.com\/medios\/nebrijaglobalcampus\/#\/schema\/person\/image\/","url":"https:\/\/secure.gravatar.com\/avatar\/03c5100e64e7f8981aa1450029b9aae2?s=96&d=mm&r=g","contentUrl":"https:\/\/secure.gravatar.com\/avatar\/03c5100e64e7f8981aa1450029b9aae2?s=96&d=mm&r=g","caption":"mgarcisa"},"url":"https:\/\/www.nebrija.com\/medios\/nebrijaglobalcampus\/author\/mgarcisa\/"}]}},"_links":{"self":[{"href":"https:\/\/www.nebrija.com\/medios\/nebrijaglobalcampus\/wp-json\/wp\/v2\/posts\/3598"}],"collection":[{"href":"https:\/\/www.nebrija.com\/medios\/nebrijaglobalcampus\/wp-json\/wp\/v2\/posts"}],"about":[{"href":"https:\/\/www.nebrija.com\/medios\/nebrijaglobalcampus\/wp-json\/wp\/v2\/types\/post"}],"author":[{"embeddable":true,"href":"https:\/\/www.nebrija.com\/medios\/nebrijaglobalcampus\/wp-json\/wp\/v2\/users\/97"}],"replies":[{"embeddable":true,"href":"https:\/\/www.nebrija.com\/medios\/nebrijaglobalcampus\/wp-json\/wp\/v2\/comments?post=3598"}],"version-history":[{"count":5,"href":"https:\/\/www.nebrija.com\/medios\/nebrijaglobalcampus\/wp-json\/wp\/v2\/posts\/3598\/revisions"}],"predecessor-version":[{"id":3604,"href":"https:\/\/www.nebrija.com\/medios\/nebrijaglobalcampus\/wp-json\/wp\/v2\/posts\/3598\/revisions\/3604"}],"wp:featuredmedia":[{"embeddable":true,"href":"https:\/\/www.nebrija.com\/medios\/nebrijaglobalcampus\/wp-json\/wp\/v2\/media\/3599"}],"wp:attachment":[{"href":"https:\/\/www.nebrija.com\/medios\/nebrijaglobalcampus\/wp-json\/wp\/v2\/media?parent=3598"}],"wp:term":[{"taxonomy":"category","embeddable":true,"href":"https:\/\/www.nebrija.com\/medios\/nebrijaglobalcampus\/wp-json\/wp\/v2\/categories?post=3598"},{"taxonomy":"post_tag","embeddable":true,"href":"https:\/\/www.nebrija.com\/medios\/nebrijaglobalcampus\/wp-json\/wp\/v2\/tags?post=3598"}],"curies":[{"name":"wp","href":"https:\/\/api.w.org\/{rel}","templated":true}]}}