{"id":4117,"date":"2023-03-02T08:41:52","date_gmt":"2023-03-02T08:41:52","guid":{"rendered":"https:\/\/www.nebrija.com\/medios\/nebrijaglobalcampus\/?p=4117"},"modified":"2024-01-16T21:54:32","modified_gmt":"2024-01-16T21:54:32","slug":"procomun-red-de-recursos-educativos-abiertos","status":"publish","type":"post","link":"https:\/\/www.nebrija.com\/medios\/nebrijaglobalcampus\/2023\/03\/02\/procomun-red-de-recursos-educativos-abiertos\/","title":{"rendered":"Procom\u00fan: Red de Recursos Educativos Abiertos"},"content":{"rendered":"\n<p>Con frecuencia el profesorado se sirve de materiales y recursos elaborados por instituciones o docentes. Debido a su volumen, disponer de un espacio espec\u00edfico que permita seleccionarlos o adaptarlos seg\u00fan las propias necesidades educativas, facilita ahorro de tiempo y esfuerzo, promoviendo la motivaci\u00f3n y rendimiento de los estudiantes. Ese espacio se halla en <strong><a href=\"https:\/\/biblioteca.nebrija.es\/cgi-bin\/opac?TITN=134605\" target=\"_blank\" rel=\"noreferrer noopener\">Procom\u00fan (Red de Recursos Educativos en Abierto)<\/a><\/strong>, del Instituto Nacional de Tecnolog\u00edas Educativas y de Formaci\u00f3n del Profesorado (INTEF), unidad del Ministerio de Educaci\u00f3n y Formaci\u00f3n Profesional, responsable de integraci\u00f3n de Tecnolog\u00edas de la Informaci\u00f3n y Comunicaci\u00f3n (TIC) y Formaci\u00f3n del Profesorado.<\/p>\n\n\n\n<p><strong>Procom\u00fan<\/strong>, al que ya nos referimos en nuestro anterior <em>post<\/em>, <strong><a href=\"https:\/\/www.nebrija.com\/medios\/nebrijaglobalcampus\/2022\/03\/03\/redined-red-de-informacion-educativa\/\" target=\"_blank\" rel=\"noreferrer noopener\">REDINED (Red de Informaci\u00f3n Educativa)<\/a><\/strong>, requiere una atenci\u00f3n especial, debido a las posibilidades que pueda aportar a profesores y alumnos, en particular, del <em>\u00c1rea de Educaci\u00f3n,<\/em> adem\u00e1s de otras especialidades cursadas en nuestra Universidad. La relaci\u00f3n con REDINED no es casual, ya que Procom\u00fan es una red sem\u00e1ntica que mediante el trabajo con datos abiertos enlazados (Linked Open Data Cloud) puede conectarse con comunidades educativas ya existentes, entre las que se incluyen tambi\u00e9n <strong><a href=\"https:\/\/www.nebrija.com\/medios\/nebrijaglobalcampus\/\" target=\"_blank\" rel=\"noreferrer noopener\">Europeana<\/a><\/strong>, <strong><a href=\"https:\/\/www.nebrija.com\/medios\/nebrijaglobalcampus\/2017\/12\/07\/hispana-repositorio-del-patrimonio-digital-nacional\/\" target=\"_blank\" rel=\"noreferrer noopener\">Hispana<\/a><\/strong>,<strong> <\/strong> comentadas en anteriores <em>post<\/em>, as\u00ed como<strong> <a href=\"https:\/\/datos.bne.es\/inicio.html\" target=\"_blank\" rel=\"noreferrer noopener\">Biblioteca Nacional de Espa\u00f1a<\/a><\/strong>, <strong><a href=\"https:\/\/www.museodelprado.es\/\" target=\"_blank\" rel=\"noreferrer noopener\">Museo Nacional del Prado<\/a> <\/strong>y<strong> <a href=\"https:\/\/es.dbpedia.org\/\" target=\"_blank\" rel=\"noreferrer noopener\">DBpedia<\/a><\/strong>. <\/p>\n\n\n\n<p>Los <strong>Recursos Educativos Abiertos (REA)<\/strong>, tambi\u00e9n conocidos en ingl\u00e9s como <strong>Open Educational Resources<\/strong> <strong>(OER)<\/strong>, surgen de la mano de la UNESCO, que los define como materiales digitales de ense\u00f1anza, aprendizaje e investigaci\u00f3n, de dominio p\u00fablico o publicados con una licencia abierta que permita su acceso gratuito, as\u00ed como su uso, adaptaci\u00f3n y redistribuci\u00f3n sin restricci\u00f3n alguna o limitada. Recomienda su utilizaci\u00f3n por apoyar la innovaci\u00f3n pedag\u00f3gica y facilitar la inclusi\u00f3n educativa, promoviendo la mejora de calidad y eficacia de la ense\u00f1anza.<\/p>\n\n\n\n<p>Procom\u00fan cumple con estas recomendaciones y facilita el acceso al repositorio de recursos digitales educativos abiertos creado por el Ministerio de Educaci\u00f3n y Formaci\u00f3n Profesional y las Comunidades Aut\u00f3nomas, en el que la comunidad educativa puede encontrar, modificar, adaptar, crear y compartir material did\u00e1ctico etiquetado y descrito de forma estandarizada a trav\u00e9s de metadatos LOM.ES (Learning Object Metadata, con su adaptaci\u00f3n al contexto educativo espa\u00f1ol), preparados para su descarga y uso directo, de manera sencilla. Esos materiales de ense\u00f1anza se ofrecen gratuitamente y est\u00e1n protegidos por una licencia abierta, <strong><a href=\"https:\/\/biblioteca.nebrija.es\/cgi-bin\/opac?HELPID=unne0122\" target=\"_blank\" rel=\"noreferrer noopener\">Creative Commons (CC)<\/a><\/strong>, que concede permisos y derechos al usuario con estos fines:<\/p>\n\n\n\n<ul>\n<li>Reutilizar el contenido original<\/li>\n\n\n\n<li>Revisar, adaptar, mejorar, actualizar o modificar el contenido original<\/li>\n\n\n\n<li>Combinar con otro contenido para producir nuevos recursos<\/li>\n\n\n\n<li>Redistribuir o compartir<\/li>\n\n\n\n<li>Retener, poseer y controlar el propio contenido<\/li>\n<\/ul>\n\n\n\n<div style=\"height:20px\" aria-hidden=\"true\" class=\"wp-block-spacer\"><\/div>\n\n\n\n<p><\/p>\n\n\n<div class=\"wp-block-image\">\n<figure class=\"aligncenter size-large\"><img loading=\"lazy\" decoding=\"async\" width=\"544\" height=\"1024\" src=\"https:\/\/www.nebrija.com\/medios\/nebrijaglobalcampus\/wp-content\/uploads\/sites\/31\/2023\/03\/imagen_01-544x1024.jpg\" alt=\"\" class=\"wp-image-4118\" srcset=\"https:\/\/www.nebrija.com\/medios\/nebrijaglobalcampus\/wp-content\/uploads\/sites\/31\/2023\/03\/imagen_01-544x1024.jpg 544w, https:\/\/www.nebrija.com\/medios\/nebrijaglobalcampus\/wp-content\/uploads\/sites\/31\/2023\/03\/imagen_01-160x300.jpg 160w, https:\/\/www.nebrija.com\/medios\/nebrijaglobalcampus\/wp-content\/uploads\/sites\/31\/2023\/03\/imagen_01-768x1444.jpg 768w, https:\/\/www.nebrija.com\/medios\/nebrijaglobalcampus\/wp-content\/uploads\/sites\/31\/2023\/03\/imagen_01-817x1536.jpg 817w, https:\/\/www.nebrija.com\/medios\/nebrijaglobalcampus\/wp-content\/uploads\/sites\/31\/2023\/03\/imagen_01-1089x2048.jpg 1089w, https:\/\/www.nebrija.com\/medios\/nebrijaglobalcampus\/wp-content\/uploads\/sites\/31\/2023\/03\/imagen_01.jpg 1350w\" sizes=\"(max-width: 544px) 100vw, 544px\" \/><\/figure><\/div>\n\n\n<p class=\"has-text-align-center\"> <strong>Imagen<\/strong>: P\u00e1gina de inicio. <strong>Fuente<\/strong>: procom\u00fan.intef.es<\/p>\n\n\n\n<div style=\"height:20px\" aria-hidden=\"true\" class=\"wp-block-spacer\"><\/div>\n\n\n\n<p>Procom\u00fan, disponible en espa\u00f1ol, catal\u00e1n, gallego, vasco e ingl\u00e9s, est\u00e1 en permanente crecimiento; actualmente ofrece 38.293 recursos de aprendizaje, 26.493 art\u00edculos y una comunidad integrada por 45.121 usuarios. Asimismo, el <strong>Banco Multimedia<\/strong> aloja m\u00e1s de 100.000 materiales audiovisuales (im\u00e1genes, v\u00eddeos, sonidos, etc.). A partir de 2022, Procom\u00fan se presenta con nueva interfaz, despu\u00e9s de un proceso de actualizaci\u00f3n y mejora, en atenci\u00f3n a las opiniones que los propios usuarios han comunicado.<\/p>\n\n\n\n<p>De <strong>acceso p\u00fablico<\/strong>, permite al usuario an\u00f3nimo con conexi\u00f3n a internet, sin necesidad de tener cuenta e iniciar sesi\u00f3n en la plataforma, la b\u00fasqueda y utilizaci\u00f3n de los recursos del sitio, visualizar art\u00edculos, comunidades y boletines. Adem\u00e1s, ofrece un <strong>acceso privado, <\/strong>mediante registro o identificaci\u00f3n desde la parte superior derecha de la <em>web<\/em>, que a\u00f1ade otras ventajas a las funcionalidades se\u00f1aladas, como crear art\u00edculos, recursos de aprendizaje, itinerarios de aprendizaje, comunidades, ver y editar el propio perfil, ver mis favoritos, consultar mis borradores y entrar en contacto e interactuar con todos los usuarios de Procom\u00fan. Este espacio personal, hace posible guardar y organizar todos sus contenidos de nuestro inter\u00e9s, incluir aquellos recursos creados por nosotros o por otros, generando nuevos, y seguir a usuarios que publiquen temas afines a los nuestros.<\/p>\n\n\n\n<p>La p\u00e1gina principal de la <em>web<\/em> est\u00e1 integrada por diferentes apartados, dispuestos verticalmente; el primero de los cuales, <strong>buscador<\/strong> de recursos, facilita la b\u00fasqueda, mediante una palabra clave o aplicando filtros por todos los contenidos, \u00e1rea de conocimiento y, adem\u00e1s, contexto educativo, que incluye educaci\u00f3n especial, infantil, primaria, secundaria, bachillerato, formaci\u00f3n profesional, personas adultas, ense\u00f1anza oficial de idiomas, ense\u00f1anzas universitarias, deportivas, musicales, artes pl\u00e1sticas y dise\u00f1o, arte dram\u00e1tico, danza y formaci\u00f3n del profesorado.<\/p>\n\n\n\n<div style=\"height:20px\" aria-hidden=\"true\" class=\"wp-block-spacer\"><\/div>\n\n\n<div class=\"wp-block-image\">\n<figure class=\"aligncenter size-large\"><img loading=\"lazy\" decoding=\"async\" width=\"1024\" height=\"528\" src=\"https:\/\/www.nebrija.com\/medios\/nebrijaglobalcampus\/wp-content\/uploads\/sites\/31\/2023\/03\/imagen_02-1024x528.jpg\" alt=\"\" class=\"wp-image-4119\" srcset=\"https:\/\/www.nebrija.com\/medios\/nebrijaglobalcampus\/wp-content\/uploads\/sites\/31\/2023\/03\/imagen_02-1024x528.jpg 1024w, https:\/\/www.nebrija.com\/medios\/nebrijaglobalcampus\/wp-content\/uploads\/sites\/31\/2023\/03\/imagen_02-300x155.jpg 300w, https:\/\/www.nebrija.com\/medios\/nebrijaglobalcampus\/wp-content\/uploads\/sites\/31\/2023\/03\/imagen_02-768x396.jpg 768w, https:\/\/www.nebrija.com\/medios\/nebrijaglobalcampus\/wp-content\/uploads\/sites\/31\/2023\/03\/imagen_02.jpg 1243w\" sizes=\"(max-width: 1024px) 100vw, 1024px\" \/><\/figure><\/div>\n\n\n<p class=\"has-text-align-center\"><strong>Imagen<\/strong>: Buscador de recursos. <strong>Fuente<\/strong>: procom\u00fan.intef.es<\/p>\n\n\n\n<div style=\"height:20px\" aria-hidden=\"true\" class=\"wp-block-spacer\"><\/div>\n\n\n\n<p>En el segundo apartado aparece la totalidad de <strong>recursos de aprendizaje<\/strong> e <strong>itinerarios de aprendizaje<\/strong>, con inclusi\u00f3n de los m\u00e1s destacados y los del <strong>banco multimedia<\/strong>. Todos, accesibles desde los respectivos campos de b\u00fasqueda.<\/p>\n\n\n\n<p>Con un <em>clic<\/em> en \u201cVer todos los recursos\u201d, se muestra un listado de diez resultados, que permite, a la izquierda de la p\u00e1gina, acotar la b\u00fasqueda mediante diferentes filtros: \u00e1rea de conocimiento, contexto educativo, etiquetas, lenguaje, colecciones y tipo de recurso, en el que podemos encontrar mapas conceptuales, lecciones magistrales, v\u00eddeos, simulaciones, aprendizaje basado en proyectos, ejercicios-problemas, cuestionarios, textos narrativos, efectos sonoros o juegos did\u00e1cticos, entre otros. Tambi\u00e9n existe la posibilidad de ampliar nuestras b\u00fasquedas utilizando los diferentes enlaces ofrecidos en los recursos, destacados en letra azul.<\/p>\n\n\n\n<div style=\"height:20px\" aria-hidden=\"true\" class=\"wp-block-spacer\"><\/div>\n\n\n<div class=\"wp-block-image\">\n<figure class=\"aligncenter size-large\"><img loading=\"lazy\" decoding=\"async\" width=\"1024\" height=\"786\" src=\"https:\/\/www.nebrija.com\/medios\/nebrijaglobalcampus\/wp-content\/uploads\/sites\/31\/2023\/03\/Imagen-03-1024x786.jpg\" alt=\"\" class=\"wp-image-4120\" srcset=\"https:\/\/www.nebrija.com\/medios\/nebrijaglobalcampus\/wp-content\/uploads\/sites\/31\/2023\/03\/Imagen-03-1024x786.jpg 1024w, https:\/\/www.nebrija.com\/medios\/nebrijaglobalcampus\/wp-content\/uploads\/sites\/31\/2023\/03\/Imagen-03-300x230.jpg 300w, https:\/\/www.nebrija.com\/medios\/nebrijaglobalcampus\/wp-content\/uploads\/sites\/31\/2023\/03\/Imagen-03-768x589.jpg 768w, https:\/\/www.nebrija.com\/medios\/nebrijaglobalcampus\/wp-content\/uploads\/sites\/31\/2023\/03\/Imagen-03.jpg 1028w\" sizes=\"(max-width: 1024px) 100vw, 1024px\" \/><\/figure><\/div>\n\n\n<p class=\"has-text-align-center\"><strong>Imagen<\/strong>: Listado de recursos. <strong>Fuente<\/strong>: procom\u00fan.intef.es<\/p>\n\n\n\n<div style=\"height:20px\" aria-hidden=\"true\" class=\"wp-block-spacer\"><\/div>\n\n\n\n<p>Si seleccionamos cualquiera de ellos a trav\u00e9s del t\u00edtulo, por ejemplo, <em>Influencia de<\/em> <em>Arist\u00f3teles<\/em> <em>en el mundo,<\/em> observamos que est\u00e1 estructurado por su propio t\u00edtulo, imagen y men\u00fa de navegaci\u00f3n, ocultable; adem\u00e1s aporta informaci\u00f3n del n\u00famero de visitas y la opci\u00f3n de compartirlo a trav\u00e9s de las redes sociales, integrarlo en una <em>web<\/em> propia o descargarlo en diferentes formatos. Incluye en la parte inferior una descripci\u00f3n del recurso.<\/p>\n\n\n\n<div style=\"height:20px\" aria-hidden=\"true\" class=\"wp-block-spacer\"><\/div>\n\n\n<div class=\"wp-block-image\">\n<figure class=\"aligncenter size-large\"><img loading=\"lazy\" decoding=\"async\" width=\"793\" height=\"833\" src=\"https:\/\/www.nebrija.com\/medios\/nebrijaglobalcampus\/wp-content\/uploads\/sites\/31\/2023\/03\/Imagen-04.jpg\" alt=\"\" class=\"wp-image-4121\" srcset=\"https:\/\/www.nebrija.com\/medios\/nebrijaglobalcampus\/wp-content\/uploads\/sites\/31\/2023\/03\/Imagen-04.jpg 793w, https:\/\/www.nebrija.com\/medios\/nebrijaglobalcampus\/wp-content\/uploads\/sites\/31\/2023\/03\/Imagen-04-286x300.jpg 286w, https:\/\/www.nebrija.com\/medios\/nebrijaglobalcampus\/wp-content\/uploads\/sites\/31\/2023\/03\/Imagen-04-768x807.jpg 768w\" sizes=\"(max-width: 793px) 100vw, 793px\" \/><\/figure><\/div>\n\n\n<p class=\"has-text-align-center\"><strong>Imagen<\/strong>: Ejemplo de recurso. <strong>Fuente<\/strong>: procom\u00fan.intef.es<\/p>\n\n\n\n<div style=\"height:20px\" aria-hidden=\"true\" class=\"wp-block-spacer\"><\/div>\n\n\n\n<p>Los <strong>itinerarios de aprendizaje<\/strong> est\u00e1n dise\u00f1ados con un enfoque modular y de breve duraci\u00f3n para planificar una o varias sesiones de trabajo en el aula, agrupando recursos educativos de una misma tem\u00e1tica y orden\u00e1ndolos o adapt\u00e1ndolos seg\u00fan criterio del profesor, que podr\u00e1 hacer uso de las secuencias completas o utilizar los recursos de modo independiente.<\/p>\n\n\n\n<div style=\"height:20px\" aria-hidden=\"true\" class=\"wp-block-spacer\"><\/div>\n\n\n<div class=\"wp-block-image\">\n<figure class=\"aligncenter size-large\"><img loading=\"lazy\" decoding=\"async\" width=\"1024\" height=\"818\" src=\"https:\/\/www.nebrija.com\/medios\/nebrijaglobalcampus\/wp-content\/uploads\/sites\/31\/2023\/03\/Imagen-05-1024x818.jpg\" alt=\"\" class=\"wp-image-4122\" srcset=\"https:\/\/www.nebrija.com\/medios\/nebrijaglobalcampus\/wp-content\/uploads\/sites\/31\/2023\/03\/Imagen-05-1024x818.jpg 1024w, https:\/\/www.nebrija.com\/medios\/nebrijaglobalcampus\/wp-content\/uploads\/sites\/31\/2023\/03\/Imagen-05-300x240.jpg 300w, https:\/\/www.nebrija.com\/medios\/nebrijaglobalcampus\/wp-content\/uploads\/sites\/31\/2023\/03\/Imagen-05-768x613.jpg 768w, https:\/\/www.nebrija.com\/medios\/nebrijaglobalcampus\/wp-content\/uploads\/sites\/31\/2023\/03\/Imagen-05.jpg 1062w\" sizes=\"(max-width: 1024px) 100vw, 1024px\" \/><\/figure><\/div>\n\n\n<p class=\"has-text-align-center\"><strong>Imagen<\/strong>: Ejemplo de itinerario de aprendizaje. <strong>Fuente<\/strong>: procom\u00fan.intef.es<\/p>\n\n\n\n<div style=\"height:20px\" aria-hidden=\"true\" class=\"wp-block-spacer\"><\/div>\n\n\n\n<p>El acceso al <strong>Banco Multimedia <\/strong>a trav\u00e9s de los enlaces en la cabecera y p\u00e1gina de inicio, abre numerosas posibilidades en cuanto a imagen y sonido.<\/p>\n\n\n\n<div style=\"height:20px\" aria-hidden=\"true\" class=\"wp-block-spacer\"><\/div>\n\n\n<div class=\"wp-block-image\">\n<figure class=\"aligncenter size-large\"><img loading=\"lazy\" decoding=\"async\" width=\"1024\" height=\"762\" src=\"https:\/\/www.nebrija.com\/medios\/nebrijaglobalcampus\/wp-content\/uploads\/sites\/31\/2023\/03\/Imagen-06-1024x762.jpg\" alt=\"\" class=\"wp-image-4123\" srcset=\"https:\/\/www.nebrija.com\/medios\/nebrijaglobalcampus\/wp-content\/uploads\/sites\/31\/2023\/03\/Imagen-06-1024x762.jpg 1024w, https:\/\/www.nebrija.com\/medios\/nebrijaglobalcampus\/wp-content\/uploads\/sites\/31\/2023\/03\/Imagen-06-300x223.jpg 300w, https:\/\/www.nebrija.com\/medios\/nebrijaglobalcampus\/wp-content\/uploads\/sites\/31\/2023\/03\/Imagen-06-768x571.jpg 768w, https:\/\/www.nebrija.com\/medios\/nebrijaglobalcampus\/wp-content\/uploads\/sites\/31\/2023\/03\/Imagen-06.jpg 1171w\" sizes=\"(max-width: 1024px) 100vw, 1024px\" \/><\/figure><\/div>\n\n\n<p class=\"has-text-align-center\"><strong>Imagen<\/strong>: Ejemplo de banco multimedia. <strong>Fuente<\/strong>: procom\u00fan.intef.es<\/p>\n\n\n\n<div style=\"height:20px\" aria-hidden=\"true\" class=\"wp-block-spacer\"><\/div>\n\n\n\n<p>Volvemos a la p\u00e1gina de inicio con objeto de visualizar el apartado de <strong>art\u00edculos,<\/strong> que indica su n\u00famero, acceso a su b\u00fasqueda y una selecci\u00f3n de los m\u00e1s destacados. Se utilizan para compartir alguna experiencia, sugerir una buena pr\u00e1ctica docente, realizar breve reflexi\u00f3n sobre un recurso ya publicado en Procom\u00fan o anunciar alg\u00fan taller de inter\u00e9s.<\/p>\n\n\n\n<div style=\"height:20px\" aria-hidden=\"true\" class=\"wp-block-spacer\"><\/div>\n\n\n<div class=\"wp-block-image\">\n<figure class=\"aligncenter size-large\"><img loading=\"lazy\" decoding=\"async\" width=\"965\" height=\"654\" src=\"https:\/\/www.nebrija.com\/medios\/nebrijaglobalcampus\/wp-content\/uploads\/sites\/31\/2023\/03\/Imagen-07.jpg\" alt=\"\" class=\"wp-image-4124\" srcset=\"https:\/\/www.nebrija.com\/medios\/nebrijaglobalcampus\/wp-content\/uploads\/sites\/31\/2023\/03\/Imagen-07.jpg 965w, https:\/\/www.nebrija.com\/medios\/nebrijaglobalcampus\/wp-content\/uploads\/sites\/31\/2023\/03\/Imagen-07-300x203.jpg 300w, https:\/\/www.nebrija.com\/medios\/nebrijaglobalcampus\/wp-content\/uploads\/sites\/31\/2023\/03\/Imagen-07-768x520.jpg 768w\" sizes=\"(max-width: 965px) 100vw, 965px\" \/><\/figure><\/div>\n\n\n<p class=\"has-text-align-center\"><strong>Imagen<\/strong>: Ejemplo de art\u00edculo. <strong>Fuente<\/strong>: procom\u00fan.intef.es<\/p>\n\n\n\n<div style=\"height:20px\" aria-hidden=\"true\" class=\"wp-block-spacer\"><\/div>\n\n\n\n<p>El apartado de <strong>comunidades <\/strong>se\u00f1ala, adem\u00e1s de informaci\u00f3n sobre su n\u00famero, acceso a su b\u00fasqueda, \u00faltimas creadas y usuarios registrados. Este espacio permite generar, compartir y encontrar contenidos de distinta tipolog\u00eda y cada usuario puede participar en las comunidades ya formadas o crear otras nuevas, con el fin de trabajar un aspecto en particular. En las <strong>comunidades p\u00fablicas,<\/strong> una vez suscrito, se incorpora directamente a las mismas; en las <strong>comunidades restringidas<\/strong>, un administrador ser\u00e1 quien acepte la solicitud de suscripci\u00f3n. &nbsp;Independientemente de estar o no identificado, este espacio mostrar\u00e1: tipo de comunidad, n\u00famero de miembros, recursos existentes, administradores y contenidos creados.<\/p>\n\n\n\n<div style=\"height:20px\" aria-hidden=\"true\" class=\"wp-block-spacer\"><\/div>\n\n\n<div class=\"wp-block-image\">\n<figure class=\"aligncenter size-large\"><img loading=\"lazy\" decoding=\"async\" width=\"1024\" height=\"696\" src=\"https:\/\/www.nebrija.com\/medios\/nebrijaglobalcampus\/wp-content\/uploads\/sites\/31\/2023\/03\/Imagen-08-1024x696.jpg\" alt=\"\" class=\"wp-image-4125\" srcset=\"https:\/\/www.nebrija.com\/medios\/nebrijaglobalcampus\/wp-content\/uploads\/sites\/31\/2023\/03\/Imagen-08-1024x696.jpg 1024w, https:\/\/www.nebrija.com\/medios\/nebrijaglobalcampus\/wp-content\/uploads\/sites\/31\/2023\/03\/Imagen-08-300x204.jpg 300w, https:\/\/www.nebrija.com\/medios\/nebrijaglobalcampus\/wp-content\/uploads\/sites\/31\/2023\/03\/Imagen-08-768x522.jpg 768w, https:\/\/www.nebrija.com\/medios\/nebrijaglobalcampus\/wp-content\/uploads\/sites\/31\/2023\/03\/Imagen-08.jpg 1105w\" sizes=\"(max-width: 1024px) 100vw, 1024px\" \/><\/figure><\/div>\n\n\n<p class=\"has-text-align-center\"><strong>Imagen<\/strong>: Ejemplo de comunidad p\u00fablica. <strong>Fuente<\/strong>: procom\u00fan.intef.es<\/p>\n\n\n\n<div style=\"height:20px\" aria-hidden=\"true\" class=\"wp-block-spacer\"><\/div>\n\n\n<div class=\"wp-block-image\">\n<figure class=\"aligncenter size-large\"><img loading=\"lazy\" decoding=\"async\" width=\"1024\" height=\"590\" src=\"https:\/\/www.nebrija.com\/medios\/nebrijaglobalcampus\/wp-content\/uploads\/sites\/31\/2023\/03\/Imagen-09-1024x590.jpg\" alt=\"\" class=\"wp-image-4126\" srcset=\"https:\/\/www.nebrija.com\/medios\/nebrijaglobalcampus\/wp-content\/uploads\/sites\/31\/2023\/03\/Imagen-09-1024x590.jpg 1024w, https:\/\/www.nebrija.com\/medios\/nebrijaglobalcampus\/wp-content\/uploads\/sites\/31\/2023\/03\/Imagen-09-300x173.jpg 300w, https:\/\/www.nebrija.com\/medios\/nebrijaglobalcampus\/wp-content\/uploads\/sites\/31\/2023\/03\/Imagen-09-768x442.jpg 768w, https:\/\/www.nebrija.com\/medios\/nebrijaglobalcampus\/wp-content\/uploads\/sites\/31\/2023\/03\/Imagen-09.jpg 1118w\" sizes=\"(max-width: 1024px) 100vw, 1024px\" \/><\/figure><\/div>\n\n\n<p class=\"has-text-align-center\"><strong>Imagen<\/strong>: Ejemplo de comunidad restringida. <strong>Fuente<\/strong>: procom\u00fan.intef.es<\/p>\n\n\n\n<div style=\"height:20px\" aria-hidden=\"true\" class=\"wp-block-spacer\"><\/div>\n\n\n\n<p>El apartado de <strong>boletines<\/strong> posee estructura similar a los anteriores: incluye n\u00famero de los mismos, \u00faltimos creados, su campo de b\u00fasqueda y la presencia de un enlace a su suscripci\u00f3n, que dirigir\u00e1 a la p\u00e1gina de registro en el supuesto de que no se estuviera previamente registrado. Los boletines informan de las principales novedades de esta red y destacan recursos y materiales educativos de inter\u00e9s.<\/p>\n\n\n\n<p>A pie de p\u00e1gina se puede descargar la <em>App<\/em> de Procom\u00fan en <em>Google Play<\/em> y en <em>App Store<\/em> para acceder a los recursos y compartir art\u00edculos e itinerarios de aprendizaje desde dispositivos m\u00f3viles y <em>tablets<\/em>. Asimismo, encontraremos enlaces a redes sociales, p\u00e1gina de INTEFF y un contacto para comunicar cualquier eventualidad.<\/p>\n\n\n\n<p>Procede recordar que, para crear y compartir contenidos, solicitar alta en nuevas comunidades p\u00fablicas o restringidas y seguir a usuarios, requiere registrarse. Desde la pesta\u00f1a \u201cAyuda\u201d, localizada en la parte superior derecha de la p\u00e1gina, se accede a un Manual de uso muy detallado.<\/p>\n\n\n\n<p>Te animamos a conocer de cerca y familiarizarte con Procom\u00fan, cuyos recursos constituyen todo un instrumento de la mayor utilidad para la comunidad educativa.<\/p>\n\n\n\n<div style=\"height:20px\" aria-hidden=\"true\" class=\"wp-block-spacer\"><\/div>\n\n\n\n<p><strong><em>Cristina Palma<\/em><\/strong><\/p>\n\n\n\n<p><strong><em>Servicio de Biblioteca<\/em><\/strong><\/p>\n","protected":false},"excerpt":{"rendered":"<p>Con frecuencia el profesorado se sirve de materiales y recursos elaborados por instituciones o docentes. Debido a su volumen, disponer de un espacio espec\u00edfico que permita seleccionarlos o adaptarlos seg\u00fan las propias necesidades educativas, facilita ahorro de tiempo y esfuerzo, promoviendo la motivaci\u00f3n y rendimiento de los estudiantes. Ese espacio se halla en Procom\u00fan (Red [&hellip;]<\/p>\n","protected":false},"author":97,"featured_media":4128,"comment_status":"open","ping_status":"open","sticky":false,"template":"","format":"standard","meta":{"_monsterinsights_skip_tracking":false,"_monsterinsights_sitenote_active":false,"_monsterinsights_sitenote_note":"","_monsterinsights_sitenote_category":0,"footnotes":""},"categories":[71,9],"tags":[1694,1323,1594,593,1693,1692,1468,1122,664,1126,28,1691,1690,1683,1688,1684,1689,1685,1686,898],"acf":[],"yoast_head":"<!-- This site is optimized with the Yoast SEO plugin v22.1 - https:\/\/yoast.com\/wordpress\/plugins\/seo\/ -->\n<title>Procom\u00fan: Red de Recursos Educativos Abiertos - Global Campus Nebrija<\/title>\n<meta name=\"robots\" content=\"index, follow, max-snippet:-1, max-image-preview:large, max-video-preview:-1\" \/>\n<link rel=\"canonical\" href=\"https:\/\/www.nebrija.com\/medios\/nebrijaglobalcampus\/2023\/03\/02\/procomun-red-de-recursos-educativos-abiertos\/\" \/>\n<meta property=\"og:locale\" content=\"es_ES\" \/>\n<meta property=\"og:type\" content=\"article\" \/>\n<meta property=\"og:title\" content=\"Procom\u00fan: Red de Recursos Educativos Abiertos - Global Campus Nebrija\" \/>\n<meta property=\"og:description\" content=\"Con frecuencia el profesorado se sirve de materiales y recursos elaborados por instituciones o docentes. Debido a su volumen, disponer de un espacio espec\u00edfico que permita seleccionarlos o adaptarlos seg\u00fan las propias necesidades educativas, facilita ahorro de tiempo y esfuerzo, promoviendo la motivaci\u00f3n y rendimiento de los estudiantes. Ese espacio se halla en Procom\u00fan (Red [&hellip;]\" \/>\n<meta property=\"og:url\" content=\"https:\/\/www.nebrija.com\/medios\/nebrijaglobalcampus\/2023\/03\/02\/procomun-red-de-recursos-educativos-abiertos\/\" \/>\n<meta property=\"og:site_name\" content=\"Global Campus Nebrija\" \/>\n<meta property=\"article:published_time\" content=\"2023-03-02T08:41:52+00:00\" \/>\n<meta property=\"article:modified_time\" content=\"2024-01-16T21:54:32+00:00\" \/>\n<meta property=\"og:image\" content=\"https:\/\/www.nebrija.com\/medios\/nebrijaglobalcampus\/wp-content\/uploads\/sites\/31\/2023\/03\/01_03_23.jpg\" \/>\n\t<meta property=\"og:image:width\" content=\"2362\" \/>\n\t<meta property=\"og:image:height\" content=\"1291\" \/>\n\t<meta property=\"og:image:type\" content=\"image\/jpeg\" \/>\n<meta name=\"author\" content=\"mgarcisa\" \/>\n<meta name=\"twitter:card\" content=\"summary_large_image\" \/>\n<meta name=\"twitter:label1\" content=\"Escrito por\" \/>\n\t<meta name=\"twitter:data1\" content=\"mgarcisa\" \/>\n\t<meta name=\"twitter:label2\" content=\"Tiempo de lectura\" \/>\n\t<meta name=\"twitter:data2\" content=\"9 minutos\" \/>\n<script type=\"application\/ld+json\" class=\"yoast-schema-graph\">{\"@context\":\"https:\/\/schema.org\",\"@graph\":[{\"@type\":\"WebPage\",\"@id\":\"https:\/\/www.nebrija.com\/medios\/nebrijaglobalcampus\/2023\/03\/02\/procomun-red-de-recursos-educativos-abiertos\/\",\"url\":\"https:\/\/www.nebrija.com\/medios\/nebrijaglobalcampus\/2023\/03\/02\/procomun-red-de-recursos-educativos-abiertos\/\",\"name\":\"Procom\u00fan: Red de Recursos Educativos Abiertos - Global Campus Nebrija\",\"isPartOf\":{\"@id\":\"https:\/\/www.nebrija.com\/medios\/nebrijaglobalcampus\/#website\"},\"datePublished\":\"2023-03-02T08:41:52+00:00\",\"dateModified\":\"2024-01-16T21:54:32+00:00\",\"author\":{\"@id\":\"https:\/\/www.nebrija.com\/medios\/nebrijaglobalcampus\/#\/schema\/person\/0fa46cb03c7e07b210c31383337aa6ee\"},\"breadcrumb\":{\"@id\":\"https:\/\/www.nebrija.com\/medios\/nebrijaglobalcampus\/2023\/03\/02\/procomun-red-de-recursos-educativos-abiertos\/#breadcrumb\"},\"inLanguage\":\"es\",\"potentialAction\":[{\"@type\":\"ReadAction\",\"target\":[\"https:\/\/www.nebrija.com\/medios\/nebrijaglobalcampus\/2023\/03\/02\/procomun-red-de-recursos-educativos-abiertos\/\"]}]},{\"@type\":\"BreadcrumbList\",\"@id\":\"https:\/\/www.nebrija.com\/medios\/nebrijaglobalcampus\/2023\/03\/02\/procomun-red-de-recursos-educativos-abiertos\/#breadcrumb\",\"itemListElement\":[{\"@type\":\"ListItem\",\"position\":1,\"name\":\"Home\",\"item\":\"https:\/\/www.nebrija.com\/medios\/nebrijaglobalcampus\/\"},{\"@type\":\"ListItem\",\"position\":2,\"name\":\"Procom\u00fan: Red de Recursos Educativos Abiertos\"}]},{\"@type\":\"WebSite\",\"@id\":\"https:\/\/www.nebrija.com\/medios\/nebrijaglobalcampus\/#website\",\"url\":\"https:\/\/www.nebrija.com\/medios\/nebrijaglobalcampus\/\",\"name\":\"Global Campus Nebrija\",\"description\":\"Profesionales capaces de hacer que merezca la pena\",\"potentialAction\":[{\"@type\":\"SearchAction\",\"target\":{\"@type\":\"EntryPoint\",\"urlTemplate\":\"https:\/\/www.nebrija.com\/medios\/nebrijaglobalcampus\/?s={search_term_string}\"},\"query-input\":\"required name=search_term_string\"}],\"inLanguage\":\"es\"},{\"@type\":\"Person\",\"@id\":\"https:\/\/www.nebrija.com\/medios\/nebrijaglobalcampus\/#\/schema\/person\/0fa46cb03c7e07b210c31383337aa6ee\",\"name\":\"mgarcisa\",\"image\":{\"@type\":\"ImageObject\",\"inLanguage\":\"es\",\"@id\":\"https:\/\/www.nebrija.com\/medios\/nebrijaglobalcampus\/#\/schema\/person\/image\/\",\"url\":\"https:\/\/secure.gravatar.com\/avatar\/03c5100e64e7f8981aa1450029b9aae2?s=96&d=mm&r=g\",\"contentUrl\":\"https:\/\/secure.gravatar.com\/avatar\/03c5100e64e7f8981aa1450029b9aae2?s=96&d=mm&r=g\",\"caption\":\"mgarcisa\"},\"url\":\"https:\/\/www.nebrija.com\/medios\/nebrijaglobalcampus\/author\/mgarcisa\/\"}]}<\/script>\n<!-- \/ Yoast SEO plugin. -->","yoast_head_json":{"title":"Procom\u00fan: Red de Recursos Educativos Abiertos - Global Campus Nebrija","robots":{"index":"index","follow":"follow","max-snippet":"max-snippet:-1","max-image-preview":"max-image-preview:large","max-video-preview":"max-video-preview:-1"},"canonical":"https:\/\/www.nebrija.com\/medios\/nebrijaglobalcampus\/2023\/03\/02\/procomun-red-de-recursos-educativos-abiertos\/","og_locale":"es_ES","og_type":"article","og_title":"Procom\u00fan: Red de Recursos Educativos Abiertos - Global Campus Nebrija","og_description":"Con frecuencia el profesorado se sirve de materiales y recursos elaborados por instituciones o docentes. Debido a su volumen, disponer de un espacio espec\u00edfico que permita seleccionarlos o adaptarlos seg\u00fan las propias necesidades educativas, facilita ahorro de tiempo y esfuerzo, promoviendo la motivaci\u00f3n y rendimiento de los estudiantes. Ese espacio se halla en Procom\u00fan (Red [&hellip;]","og_url":"https:\/\/www.nebrija.com\/medios\/nebrijaglobalcampus\/2023\/03\/02\/procomun-red-de-recursos-educativos-abiertos\/","og_site_name":"Global Campus Nebrija","article_published_time":"2023-03-02T08:41:52+00:00","article_modified_time":"2024-01-16T21:54:32+00:00","og_image":[{"width":2362,"height":1291,"url":"https:\/\/www.nebrija.com\/medios\/nebrijaglobalcampus\/wp-content\/uploads\/sites\/31\/2023\/03\/01_03_23.jpg","type":"image\/jpeg"}],"author":"mgarcisa","twitter_card":"summary_large_image","twitter_misc":{"Escrito por":"mgarcisa","Tiempo de lectura":"9 minutos"},"schema":{"@context":"https:\/\/schema.org","@graph":[{"@type":"WebPage","@id":"https:\/\/www.nebrija.com\/medios\/nebrijaglobalcampus\/2023\/03\/02\/procomun-red-de-recursos-educativos-abiertos\/","url":"https:\/\/www.nebrija.com\/medios\/nebrijaglobalcampus\/2023\/03\/02\/procomun-red-de-recursos-educativos-abiertos\/","name":"Procom\u00fan: Red de Recursos Educativos Abiertos - Global Campus Nebrija","isPartOf":{"@id":"https:\/\/www.nebrija.com\/medios\/nebrijaglobalcampus\/#website"},"datePublished":"2023-03-02T08:41:52+00:00","dateModified":"2024-01-16T21:54:32+00:00","author":{"@id":"https:\/\/www.nebrija.com\/medios\/nebrijaglobalcampus\/#\/schema\/person\/0fa46cb03c7e07b210c31383337aa6ee"},"breadcrumb":{"@id":"https:\/\/www.nebrija.com\/medios\/nebrijaglobalcampus\/2023\/03\/02\/procomun-red-de-recursos-educativos-abiertos\/#breadcrumb"},"inLanguage":"es","potentialAction":[{"@type":"ReadAction","target":["https:\/\/www.nebrija.com\/medios\/nebrijaglobalcampus\/2023\/03\/02\/procomun-red-de-recursos-educativos-abiertos\/"]}]},{"@type":"BreadcrumbList","@id":"https:\/\/www.nebrija.com\/medios\/nebrijaglobalcampus\/2023\/03\/02\/procomun-red-de-recursos-educativos-abiertos\/#breadcrumb","itemListElement":[{"@type":"ListItem","position":1,"name":"Home","item":"https:\/\/www.nebrija.com\/medios\/nebrijaglobalcampus\/"},{"@type":"ListItem","position":2,"name":"Procom\u00fan: Red de Recursos Educativos Abiertos"}]},{"@type":"WebSite","@id":"https:\/\/www.nebrija.com\/medios\/nebrijaglobalcampus\/#website","url":"https:\/\/www.nebrija.com\/medios\/nebrijaglobalcampus\/","name":"Global Campus Nebrija","description":"Profesionales capaces de hacer que merezca la pena","potentialAction":[{"@type":"SearchAction","target":{"@type":"EntryPoint","urlTemplate":"https:\/\/www.nebrija.com\/medios\/nebrijaglobalcampus\/?s={search_term_string}"},"query-input":"required name=search_term_string"}],"inLanguage":"es"},{"@type":"Person","@id":"https:\/\/www.nebrija.com\/medios\/nebrijaglobalcampus\/#\/schema\/person\/0fa46cb03c7e07b210c31383337aa6ee","name":"mgarcisa","image":{"@type":"ImageObject","inLanguage":"es","@id":"https:\/\/www.nebrija.com\/medios\/nebrijaglobalcampus\/#\/schema\/person\/image\/","url":"https:\/\/secure.gravatar.com\/avatar\/03c5100e64e7f8981aa1450029b9aae2?s=96&d=mm&r=g","contentUrl":"https:\/\/secure.gravatar.com\/avatar\/03c5100e64e7f8981aa1450029b9aae2?s=96&d=mm&r=g","caption":"mgarcisa"},"url":"https:\/\/www.nebrija.com\/medios\/nebrijaglobalcampus\/author\/mgarcisa\/"}]}},"_links":{"self":[{"href":"https:\/\/www.nebrija.com\/medios\/nebrijaglobalcampus\/wp-json\/wp\/v2\/posts\/4117"}],"collection":[{"href":"https:\/\/www.nebrija.com\/medios\/nebrijaglobalcampus\/wp-json\/wp\/v2\/posts"}],"about":[{"href":"https:\/\/www.nebrija.com\/medios\/nebrijaglobalcampus\/wp-json\/wp\/v2\/types\/post"}],"author":[{"embeddable":true,"href":"https:\/\/www.nebrija.com\/medios\/nebrijaglobalcampus\/wp-json\/wp\/v2\/users\/97"}],"replies":[{"embeddable":true,"href":"https:\/\/www.nebrija.com\/medios\/nebrijaglobalcampus\/wp-json\/wp\/v2\/comments?post=4117"}],"version-history":[{"count":3,"href":"https:\/\/www.nebrija.com\/medios\/nebrijaglobalcampus\/wp-json\/wp\/v2\/posts\/4117\/revisions"}],"predecessor-version":[{"id":4483,"href":"https:\/\/www.nebrija.com\/medios\/nebrijaglobalcampus\/wp-json\/wp\/v2\/posts\/4117\/revisions\/4483"}],"wp:featuredmedia":[{"embeddable":true,"href":"https:\/\/www.nebrija.com\/medios\/nebrijaglobalcampus\/wp-json\/wp\/v2\/media\/4128"}],"wp:attachment":[{"href":"https:\/\/www.nebrija.com\/medios\/nebrijaglobalcampus\/wp-json\/wp\/v2\/media?parent=4117"}],"wp:term":[{"taxonomy":"category","embeddable":true,"href":"https:\/\/www.nebrija.com\/medios\/nebrijaglobalcampus\/wp-json\/wp\/v2\/categories?post=4117"},{"taxonomy":"post_tag","embeddable":true,"href":"https:\/\/www.nebrija.com\/medios\/nebrijaglobalcampus\/wp-json\/wp\/v2\/tags?post=4117"}],"curies":[{"name":"wp","href":"https:\/\/api.w.org\/{rel}","templated":true}]}}