{"id":498,"date":"2016-04-21T07:56:30","date_gmt":"2016-04-21T07:56:30","guid":{"rendered":"http:\/\/www.nebrija.com\/medios\/nebrijaglobalcampus\/?p=498"},"modified":"2023-08-02T12:24:41","modified_gmt":"2023-08-02T12:24:41","slug":"refworks-una-gran-herramienta-de-trabajo","status":"publish","type":"post","link":"https:\/\/www.nebrija.com\/medios\/nebrijaglobalcampus\/2016\/04\/21\/refworks-una-gran-herramienta-de-trabajo\/","title":{"rendered":"Refworks, una gran herramienta de trabajo"},"content":{"rendered":"<h5>Actualizado por Gema Civantos a fecha 02\/08\/2023.<\/h5>\n<p>\u00bfOs ha pasado alguna vez que al terminar un trabajo o un art\u00edculo os hab\u00e9is dado cuenta que os faltaba la bibliograf\u00eda que hab\u00edais utilizado? \u00bfO si la ten\u00edais, os faltaban datos de las referencias que ten\u00edais que incluir? \u00bfY poner las notas a pie de p\u00e1gina referenciando la obra de la que hab\u00edais tomado una cita que hab\u00edais incluido?<\/p>\n<p>Todo este trabajo, que suele ser tedioso, y que a veces incluso nos lleva m\u00e1s tiempo del que tenemos, ahora se ha acabado gracias al gestor de referencias bibliogr\u00e1ficas <a href=\"https:\/\/biblioteca.nebrija.es\/cgi-bin\/opac?TITN=59464\" target=\"_blank\" rel=\"noopener noreferrer\"><strong>RefWorks<\/strong><\/a>.<\/p>\n<p>Y os preguntar\u00e9is: \u00bf<strong>RefWorks<\/strong>? Y seguramente lo siguiente que hag\u00e1is ser\u00e1 poner en Google \u201cRefworks\u201d para saber qu\u00e9 es.<\/p>\n<p>Pues bien, RefWorks nos va a ayudar en determinadas tareas del trabajo o del art\u00edculo que estemos redactando ya que, gracias a \u00e9l, no vamos a tener que incluir las notas manualmente, ni vamos a tener que redactar la bibliograf\u00eda. \u00a1Nos lo hace RefWorks!<\/p>\n<p>RefWorks nos permite guardar las referencias que busquemos en las diferentes bases de datos, incluir citas en el documento que estemos redactando, crear nuestra propia bibliograf\u00eda y compartir nuestra bibliograf\u00eda con nuestros colegas de estudios o profesi\u00f3n.<\/p>\n<p>Adem\u00e1s, os recomiendo que visit\u00e9is los siguientes <em>post <\/em>sobre RefWorks que os resolver\u00e1n muchas de las dudas que os surjan cuando empec\u00e9is a utilizarla:<\/p>\n<p><a href=\"https:\/\/www.nebrija.com\/medios\/nebrijaglobalcampus\/2018\/05\/10\/trabajando-en-refworks-crea-y-organiza-tu-propia-base-de-datos-en-un-plis-plas\/\" target=\"_blank\" rel=\"noopener noreferrer\"><strong>\u00bfTrabajando en Refworks? Crea y organiza tu propia base de datos en un plis-plas<\/strong><\/a>&nbsp;y <a href=\"https:\/\/www.nebrija.com\/medios\/nebrijaglobalcampus\/2018\/02\/06\/agiliza-la-creacion-de-tus-bibliografias-con-refworks\/\" target=\"_blank\" rel=\"noopener noreferrer\"><strong>Agiliza la creaci\u00f3n de tus bibliograf\u00edas con Refworks<\/strong><\/a>.<\/p>\n<p>Esta \u00fatil herramienta, est\u00e1 a disposici\u00f3n de todos a trav\u00e9s del <strong><a href=\"https:\/\/biblioteca.nebrija.es\/cgi-bin\/opac\/\" target=\"_blank\" rel=\"noopener noreferrer\">Cat\u00e1logo Opac Web-Portal<\/a>.&nbsp;<\/strong><\/p>\n<p>\u00a1Disfrutadla!<\/p>\n<p>&nbsp;<\/p>\n<p><strong><em>Cristina Vi\u00f1as <\/em><\/strong><\/p>\n<p><strong><em>Servicio de Biblioteca<\/em><\/strong><\/p>\n","protected":false},"excerpt":{"rendered":"<p>Actualizado por Gema Civantos a fecha 02\/08\/2023. \u00bfOs ha pasado alguna vez que al terminar un trabajo o un art\u00edculo os hab\u00e9is dado cuenta que os faltaba la bibliograf\u00eda que hab\u00edais utilizado? \u00bfO si la ten\u00edais, os faltaban datos de las referencias que ten\u00edais que incluir? \u00bfY poner las notas a pie de p\u00e1gina referenciando [&hellip;]<\/p>\n","protected":false},"author":97,"featured_media":504,"comment_status":"open","ping_status":"open","sticky":false,"template":"","format":"standard","meta":{"_monsterinsights_skip_tracking":false,"_monsterinsights_sitenote_active":false,"_monsterinsights_sitenote_note":"","_monsterinsights_sitenote_category":0,"footnotes":""},"categories":[71,9],"tags":[207,148,81,128,211,28,210,208,206,26,209],"acf":[],"yoast_head":"<!-- This site is optimized with the Yoast SEO plugin v22.1 - https:\/\/yoast.com\/wordpress\/plugins\/seo\/ -->\n<title>Refworks, una gran herramienta de trabajo - Global Campus Nebrija<\/title>\n<meta name=\"robots\" content=\"index, follow, max-snippet:-1, max-image-preview:large, max-video-preview:-1\" \/>\n<link rel=\"canonical\" href=\"https:\/\/www.nebrija.com\/medios\/nebrijaglobalcampus\/2016\/04\/21\/refworks-una-gran-herramienta-de-trabajo\/\" \/>\n<meta property=\"og:locale\" content=\"es_ES\" \/>\n<meta property=\"og:type\" content=\"article\" \/>\n<meta property=\"og:title\" content=\"Refworks, una gran herramienta de trabajo - Global Campus Nebrija\" \/>\n<meta property=\"og:description\" content=\"Actualizado por Gema Civantos a fecha 02\/08\/2023. \u00bfOs ha pasado alguna vez que al terminar un trabajo o un art\u00edculo os hab\u00e9is dado cuenta que os faltaba la bibliograf\u00eda que hab\u00edais utilizado? \u00bfO si la ten\u00edais, os faltaban datos de las referencias que ten\u00edais que incluir? \u00bfY poner las notas a pie de p\u00e1gina referenciando [&hellip;]\" \/>\n<meta property=\"og:url\" content=\"https:\/\/www.nebrija.com\/medios\/nebrijaglobalcampus\/2016\/04\/21\/refworks-una-gran-herramienta-de-trabajo\/\" \/>\n<meta property=\"og:site_name\" content=\"Global Campus Nebrija\" \/>\n<meta property=\"article:published_time\" content=\"2016-04-21T07:56:30+00:00\" \/>\n<meta property=\"article:modified_time\" content=\"2023-08-02T12:24:41+00:00\" \/>\n<meta property=\"og:image\" content=\"https:\/\/www.nebrija.com\/medios\/nebrijaglobalcampus\/wp-content\/uploads\/sites\/31\/2016\/04\/Captura-bibliograf\u00eda.jpg\" \/>\n\t<meta property=\"og:image:width\" content=\"984\" \/>\n\t<meta property=\"og:image:height\" content=\"747\" \/>\n\t<meta property=\"og:image:type\" content=\"image\/jpeg\" \/>\n<meta name=\"author\" content=\"mgarcisa\" \/>\n<meta name=\"twitter:card\" content=\"summary_large_image\" \/>\n<meta name=\"twitter:label1\" content=\"Escrito por\" \/>\n\t<meta name=\"twitter:data1\" content=\"mgarcisa\" \/>\n\t<meta name=\"twitter:label2\" content=\"Tiempo de lectura\" \/>\n\t<meta name=\"twitter:data2\" content=\"1 minuto\" \/>\n<script type=\"application\/ld+json\" class=\"yoast-schema-graph\">{\"@context\":\"https:\/\/schema.org\",\"@graph\":[{\"@type\":\"WebPage\",\"@id\":\"https:\/\/www.nebrija.com\/medios\/nebrijaglobalcampus\/2016\/04\/21\/refworks-una-gran-herramienta-de-trabajo\/\",\"url\":\"https:\/\/www.nebrija.com\/medios\/nebrijaglobalcampus\/2016\/04\/21\/refworks-una-gran-herramienta-de-trabajo\/\",\"name\":\"Refworks, una gran herramienta de trabajo - Global Campus Nebrija\",\"isPartOf\":{\"@id\":\"https:\/\/www.nebrija.com\/medios\/nebrijaglobalcampus\/#website\"},\"datePublished\":\"2016-04-21T07:56:30+00:00\",\"dateModified\":\"2023-08-02T12:24:41+00:00\",\"author\":{\"@id\":\"https:\/\/www.nebrija.com\/medios\/nebrijaglobalcampus\/#\/schema\/person\/0fa46cb03c7e07b210c31383337aa6ee\"},\"breadcrumb\":{\"@id\":\"https:\/\/www.nebrija.com\/medios\/nebrijaglobalcampus\/2016\/04\/21\/refworks-una-gran-herramienta-de-trabajo\/#breadcrumb\"},\"inLanguage\":\"es\",\"potentialAction\":[{\"@type\":\"ReadAction\",\"target\":[\"https:\/\/www.nebrija.com\/medios\/nebrijaglobalcampus\/2016\/04\/21\/refworks-una-gran-herramienta-de-trabajo\/\"]}]},{\"@type\":\"BreadcrumbList\",\"@id\":\"https:\/\/www.nebrija.com\/medios\/nebrijaglobalcampus\/2016\/04\/21\/refworks-una-gran-herramienta-de-trabajo\/#breadcrumb\",\"itemListElement\":[{\"@type\":\"ListItem\",\"position\":1,\"name\":\"Home\",\"item\":\"https:\/\/www.nebrija.com\/medios\/nebrijaglobalcampus\/\"},{\"@type\":\"ListItem\",\"position\":2,\"name\":\"Refworks, una gran herramienta de trabajo\"}]},{\"@type\":\"WebSite\",\"@id\":\"https:\/\/www.nebrija.com\/medios\/nebrijaglobalcampus\/#website\",\"url\":\"https:\/\/www.nebrija.com\/medios\/nebrijaglobalcampus\/\",\"name\":\"Global Campus Nebrija\",\"description\":\"Profesionales capaces de hacer que merezca la pena\",\"potentialAction\":[{\"@type\":\"SearchAction\",\"target\":{\"@type\":\"EntryPoint\",\"urlTemplate\":\"https:\/\/www.nebrija.com\/medios\/nebrijaglobalcampus\/?s={search_term_string}\"},\"query-input\":\"required name=search_term_string\"}],\"inLanguage\":\"es\"},{\"@type\":\"Person\",\"@id\":\"https:\/\/www.nebrija.com\/medios\/nebrijaglobalcampus\/#\/schema\/person\/0fa46cb03c7e07b210c31383337aa6ee\",\"name\":\"mgarcisa\",\"image\":{\"@type\":\"ImageObject\",\"inLanguage\":\"es\",\"@id\":\"https:\/\/www.nebrija.com\/medios\/nebrijaglobalcampus\/#\/schema\/person\/image\/\",\"url\":\"https:\/\/secure.gravatar.com\/avatar\/03c5100e64e7f8981aa1450029b9aae2?s=96&d=mm&r=g\",\"contentUrl\":\"https:\/\/secure.gravatar.com\/avatar\/03c5100e64e7f8981aa1450029b9aae2?s=96&d=mm&r=g\",\"caption\":\"mgarcisa\"},\"url\":\"https:\/\/www.nebrija.com\/medios\/nebrijaglobalcampus\/author\/mgarcisa\/\"}]}<\/script>\n<!-- \/ Yoast SEO plugin. -->","yoast_head_json":{"title":"Refworks, una gran herramienta de trabajo - Global Campus Nebrija","robots":{"index":"index","follow":"follow","max-snippet":"max-snippet:-1","max-image-preview":"max-image-preview:large","max-video-preview":"max-video-preview:-1"},"canonical":"https:\/\/www.nebrija.com\/medios\/nebrijaglobalcampus\/2016\/04\/21\/refworks-una-gran-herramienta-de-trabajo\/","og_locale":"es_ES","og_type":"article","og_title":"Refworks, una gran herramienta de trabajo - Global Campus Nebrija","og_description":"Actualizado por Gema Civantos a fecha 02\/08\/2023. \u00bfOs ha pasado alguna vez que al terminar un trabajo o un art\u00edculo os hab\u00e9is dado cuenta que os faltaba la bibliograf\u00eda que hab\u00edais utilizado? \u00bfO si la ten\u00edais, os faltaban datos de las referencias que ten\u00edais que incluir? \u00bfY poner las notas a pie de p\u00e1gina referenciando [&hellip;]","og_url":"https:\/\/www.nebrija.com\/medios\/nebrijaglobalcampus\/2016\/04\/21\/refworks-una-gran-herramienta-de-trabajo\/","og_site_name":"Global Campus Nebrija","article_published_time":"2016-04-21T07:56:30+00:00","article_modified_time":"2023-08-02T12:24:41+00:00","og_image":[{"width":984,"height":747,"url":"https:\/\/www.nebrija.com\/medios\/nebrijaglobalcampus\/wp-content\/uploads\/sites\/31\/2016\/04\/Captura-bibliograf\u00eda.jpg","type":"image\/jpeg"}],"author":"mgarcisa","twitter_card":"summary_large_image","twitter_misc":{"Escrito por":"mgarcisa","Tiempo de lectura":"1 minuto"},"schema":{"@context":"https:\/\/schema.org","@graph":[{"@type":"WebPage","@id":"https:\/\/www.nebrija.com\/medios\/nebrijaglobalcampus\/2016\/04\/21\/refworks-una-gran-herramienta-de-trabajo\/","url":"https:\/\/www.nebrija.com\/medios\/nebrijaglobalcampus\/2016\/04\/21\/refworks-una-gran-herramienta-de-trabajo\/","name":"Refworks, una gran herramienta de trabajo - Global Campus Nebrija","isPartOf":{"@id":"https:\/\/www.nebrija.com\/medios\/nebrijaglobalcampus\/#website"},"datePublished":"2016-04-21T07:56:30+00:00","dateModified":"2023-08-02T12:24:41+00:00","author":{"@id":"https:\/\/www.nebrija.com\/medios\/nebrijaglobalcampus\/#\/schema\/person\/0fa46cb03c7e07b210c31383337aa6ee"},"breadcrumb":{"@id":"https:\/\/www.nebrija.com\/medios\/nebrijaglobalcampus\/2016\/04\/21\/refworks-una-gran-herramienta-de-trabajo\/#breadcrumb"},"inLanguage":"es","potentialAction":[{"@type":"ReadAction","target":["https:\/\/www.nebrija.com\/medios\/nebrijaglobalcampus\/2016\/04\/21\/refworks-una-gran-herramienta-de-trabajo\/"]}]},{"@type":"BreadcrumbList","@id":"https:\/\/www.nebrija.com\/medios\/nebrijaglobalcampus\/2016\/04\/21\/refworks-una-gran-herramienta-de-trabajo\/#breadcrumb","itemListElement":[{"@type":"ListItem","position":1,"name":"Home","item":"https:\/\/www.nebrija.com\/medios\/nebrijaglobalcampus\/"},{"@type":"ListItem","position":2,"name":"Refworks, una gran herramienta de trabajo"}]},{"@type":"WebSite","@id":"https:\/\/www.nebrija.com\/medios\/nebrijaglobalcampus\/#website","url":"https:\/\/www.nebrija.com\/medios\/nebrijaglobalcampus\/","name":"Global Campus Nebrija","description":"Profesionales capaces de hacer que merezca la pena","potentialAction":[{"@type":"SearchAction","target":{"@type":"EntryPoint","urlTemplate":"https:\/\/www.nebrija.com\/medios\/nebrijaglobalcampus\/?s={search_term_string}"},"query-input":"required name=search_term_string"}],"inLanguage":"es"},{"@type":"Person","@id":"https:\/\/www.nebrija.com\/medios\/nebrijaglobalcampus\/#\/schema\/person\/0fa46cb03c7e07b210c31383337aa6ee","name":"mgarcisa","image":{"@type":"ImageObject","inLanguage":"es","@id":"https:\/\/www.nebrija.com\/medios\/nebrijaglobalcampus\/#\/schema\/person\/image\/","url":"https:\/\/secure.gravatar.com\/avatar\/03c5100e64e7f8981aa1450029b9aae2?s=96&d=mm&r=g","contentUrl":"https:\/\/secure.gravatar.com\/avatar\/03c5100e64e7f8981aa1450029b9aae2?s=96&d=mm&r=g","caption":"mgarcisa"},"url":"https:\/\/www.nebrija.com\/medios\/nebrijaglobalcampus\/author\/mgarcisa\/"}]}},"_links":{"self":[{"href":"https:\/\/www.nebrija.com\/medios\/nebrijaglobalcampus\/wp-json\/wp\/v2\/posts\/498"}],"collection":[{"href":"https:\/\/www.nebrija.com\/medios\/nebrijaglobalcampus\/wp-json\/wp\/v2\/posts"}],"about":[{"href":"https:\/\/www.nebrija.com\/medios\/nebrijaglobalcampus\/wp-json\/wp\/v2\/types\/post"}],"author":[{"embeddable":true,"href":"https:\/\/www.nebrija.com\/medios\/nebrijaglobalcampus\/wp-json\/wp\/v2\/users\/97"}],"replies":[{"embeddable":true,"href":"https:\/\/www.nebrija.com\/medios\/nebrijaglobalcampus\/wp-json\/wp\/v2\/comments?post=498"}],"version-history":[{"count":4,"href":"https:\/\/www.nebrija.com\/medios\/nebrijaglobalcampus\/wp-json\/wp\/v2\/posts\/498\/revisions"}],"predecessor-version":[{"id":4368,"href":"https:\/\/www.nebrija.com\/medios\/nebrijaglobalcampus\/wp-json\/wp\/v2\/posts\/498\/revisions\/4368"}],"wp:featuredmedia":[{"embeddable":true,"href":"https:\/\/www.nebrija.com\/medios\/nebrijaglobalcampus\/wp-json\/wp\/v2\/media\/504"}],"wp:attachment":[{"href":"https:\/\/www.nebrija.com\/medios\/nebrijaglobalcampus\/wp-json\/wp\/v2\/media?parent=498"}],"wp:term":[{"taxonomy":"category","embeddable":true,"href":"https:\/\/www.nebrija.com\/medios\/nebrijaglobalcampus\/wp-json\/wp\/v2\/categories?post=498"},{"taxonomy":"post_tag","embeddable":true,"href":"https:\/\/www.nebrija.com\/medios\/nebrijaglobalcampus\/wp-json\/wp\/v2\/tags?post=498"}],"curies":[{"name":"wp","href":"https:\/\/api.w.org\/{rel}","templated":true}]}}