{"id":573,"date":"2016-05-24T07:12:10","date_gmt":"2016-05-24T07:12:10","guid":{"rendered":"http:\/\/www.nebrija.com\/medios\/nebrijaglobalcampus\/?p=573"},"modified":"2016-05-24T07:12:10","modified_gmt":"2016-05-24T07:12:10","slug":"innova-global-campus-sin-duda-innova","status":"publish","type":"post","link":"https:\/\/www.nebrija.com\/medios\/nebrijaglobalcampus\/2016\/05\/24\/innova-global-campus-sin-duda-innova\/","title":{"rendered":"INNOVA\u2026 GLOBAL CAMPUS, SIN DUDA, INNOVA"},"content":{"rendered":"<p style=\"text-align: justify\">Innova es una feria de la innovaci\u00f3n que, hasta este a\u00f1o, se celebraba en Bruselas y que, por primera vez ha venido a Espa\u00f1a, a Barcelona concretamente.<\/p>\n<h5 style=\"text-align: center\">FOTO PROGRAMA<\/h5>\n<h5 style=\"text-align: center\"><a href=\"https:\/\/www.nebrija.com\/medios\/nebrijaglobalcampus\/wp-content\/uploads\/sites\/31\/2016\/05\/Programa-Innova_Post-Leire.jpg\"><img loading=\"lazy\" decoding=\"async\" class=\"wp-image-577 aligncenter\" src=\"https:\/\/www.nebrija.com\/medios\/nebrijaglobalcampus\/wp-content\/uploads\/sites\/31\/2016\/05\/Programa-Innova_Post-Leire-768x1024.jpg\" alt=\"Programa Innova\" width=\"342\" height=\"456\" \/><\/a>Fuente: Innova Barcelona.<\/h5>\n<p style=\"text-align: justify\">Cuando Clara Mart\u00edn, profesora doctora del departamento de Turismo y coordinadora de los programas de postgrado de dicha \u00e1rea, me reenvi\u00f3 el correo, ya que este a\u00f1o pasaba a ser yo la profesora de Innovaci\u00f3n e Investigaci\u00f3n en el <strong>M\u00e1ster de Turismo<\/strong>, por si quer\u00eda asistir de jurado, no lo dud\u00e9. Soy adicta a la innovaci\u00f3n, a la creatividad, a la transformaci\u00f3n del mundo. Me encanta leer todo tipo de cosas que puedan, de la manera que fuere, enriquecerme. Y la innovaci\u00f3n es una de mis debilidades, desde siempre, como si fuera parte de mi ADN pero, sobre todo, desde mi paso por el departamento de Marketing Digital donde, durante siete a\u00f1os, todo era una carrera continua, sin descanso, sin posibilidades de recobrar el aliento para, simplemente, lograr adelantar ligeramente a la competencia que siempre avasallaba con sus presupuestos, mas no con ingenio (y un gran n\u00famero de ejemplos avala esto. Nos lo copiaban pr\u00e1cticamente todo hasta dar con \u201c<strong>El Contrato Nebrija<\/strong>\u201d, que conceptualmente dice lo que todas las Universidades, esto es, empleabilidad, pero de una forma irreplicable). Hac\u00edamos innovaci\u00f3n incremental, no disruptiva y, como puse en la presentaci\u00f3n que hice en Innova, es como el \u201ccuento\u201d de Lewis Carroll, \u201cAlicia a trav\u00e9s del espejo\u201d:<\/p>\n<p style=\"text-align: center\"><em>\u201cLo que es aqu\u00ed, como ves, hace falta correr todo cuanto una pueda para permanecer en el mismo sitio. Si se quiere llegar a otra parte hay que correr por lo menos dos veces m\u00e1s r\u00e1pido\u201d.<\/em><\/p>\n<p style=\"text-align: justify\">En Innova tuve la oportunidad de conocer a bastantes personas que est\u00e1n tratando de correr dos veces m\u00e1s r\u00e1pido. Porque no solo tienen que correr, sino que tienen que luchar contra todo:<\/p>\n<ol style=\"text-align: justify\">\n<li>Contra los incr\u00e9dulos. Contra los que se r\u00eden de ellos. Contra los que piensan que est\u00e1n perdiendo el tiempo. Los que se quejan de lo mal que est\u00e1 el mundo pero no hacen ni intentan nada por cambiarlo. Los que no tienen imaginaci\u00f3n, pero debe ser que tampoco saben so\u00f1ar.<\/li>\n<li>Contra las administraciones que, tras asistir a un par de charlas, es encomiable el esfuerzo por acercarse a ellos y formar y explicar, pero cuyo modelo encorsetado dista mucho de poder facilitar nada a estos peque\u00f1os forzudos.<\/li>\n<\/ol>\n<h5 style=\"text-align: center\">FOTO CLUB DE INNOVADORES ESPA\u00d1OLES<\/h5>\n<h5 style=\"text-align: center\"><a href=\"https:\/\/www.nebrija.com\/medios\/nebrijaglobalcampus\/wp-content\/uploads\/sites\/31\/2016\/05\/Foro-Innova_Post-Leire.jpg\"><img loading=\"lazy\" decoding=\"async\" class=\"size-large wp-image-578 aligncenter\" src=\"https:\/\/www.nebrija.com\/medios\/nebrijaglobalcampus\/wp-content\/uploads\/sites\/31\/2016\/05\/Foro-Innova_Post-Leire-1024x765.jpg\" alt=\"Foro Innova\" width=\"648\" height=\"484\" \/><\/a>Fuente: Leire Nuere Salgado en Innova Barcelona.<\/h5>\n<p style=\"text-align: justify\">Y, a pesar de todo esto, una lecci\u00f3n que me llevo de ellos es que, aun as\u00ed, est\u00e1n siempre dispuestos a contarte su invento, su proyecto, su investigaci\u00f3n con toda la ilusi\u00f3n del mundo. El poder de la pasi\u00f3n es una fuerza impresionante. Y no tiene edad. Me conmovieron especialmente dos personas que rondaban los 60 y presentaban sus inventos con la misma ilusi\u00f3n que el resto. Este era el com\u00fan denominador entre todos, daba igual la nacionalidad, el idioma, la edad, el g\u00e9nero\u2026 a todos les apasionaba lo suyo y ten\u00edan ilusi\u00f3n. Incluso, y esto lo cuento como an\u00e9cdota graciosa, si su producto era algo que mejora la vida sexual de las personas. Fueron los primeros a los que pregunt\u00e9 (sin saber a qui\u00e9n estaba preguntando) y la verdad me tuve que aguantar la sonrisilla. Pero lo contaban con tanta profesionalidad que atra\u00eda y conmov\u00eda a tiempos iguales. Hasta ten\u00edan sus gr\u00e1ficos (que no ilustraciones) sobre la potencialidad empresarial de su invento.<\/p>\n<p style=\"text-align: justify\">Como toda feria que empieza en un sitio, est\u00e1 despegando, y no era una feria pensada para la educaci\u00f3n, pero, si bien pod\u00eda haber hablado de la <strong>innovaci\u00f3n<\/strong> en el turismo (no solo es que me doctorara en esta rama del saber, es que mi verdadero doctorado lo forj\u00e9 en una familia hotelera y hostelera, y algo s\u00e9 de ese sector, de sus vicisitudes y de sus posibilidades, incluso estando tan de moda la gastronom\u00eda como est\u00e1 ahora mismo), decid\u00ed llevar el tema de la <strong>educaci\u00f3n superior<\/strong>, de <strong>Global Campus Nebrija<\/strong> y de todos los que lo conformamos. No solo porque es \u201cmi libro\u201d de ahora, sino porque creo realmente en \u00e9l y porque estoy orgullosa de lo que, con mucho esfuerzo, mucho sacrificio, mucha entrega y mucho talento estamos consiguiendo.<\/p>\n<p style=\"text-align: justify\">A la presentaci\u00f3n no pude evitar llevar aprendizajes hechos, a trav\u00e9s de la lectura de este blog, de todos los que vais nutri\u00e9ndolo. Biblioteca, profesores de profesorado (permitidme la redundancia), profesores de ADE\u2026 y disculpad que no d\u00e9 los nombres, aunque todos sab\u00e9is los que sois, pero seremos muchos m\u00e1s.<\/p>\n<p style=\"text-align: justify\">El resumen de la ponencia fue <a href=\"http:\/\/www.innova-barcelona.com\/innova-live\/\" target=\"_blank\">\u00e9ste<\/a> que se public\u00f3 en la agenda de la feria. Y, por supuesto, llev\u00e9 nuestro gran \u201c<a href=\"https:\/\/vimeo.com\/135652921\" target=\"_blank\">Duele. Merece la pena<\/a>\u201d que, os confieso, no hace m\u00e1s que despertar sorpresa y sonrisas, pero de estas sonrisas de admiraci\u00f3n de \u201cc\u00f3mo se les habr\u00e1 ocurrido\u201d.<\/p>\n<p><a href=\"https:\/\/www.nebrija.com\/medios\/nebrijaglobalcampus\/wp-content\/uploads\/sites\/31\/2016\/05\/Imagen-Innova-post-Leire.jpg\"><img loading=\"lazy\" decoding=\"async\" class=\"size-full wp-image-574 aligncenter\" src=\"https:\/\/www.nebrija.com\/medios\/nebrijaglobalcampus\/wp-content\/uploads\/sites\/31\/2016\/05\/Imagen-Innova-post-Leire.jpg\" alt=\"Innova\" width=\"420\" height=\"524\" srcset=\"https:\/\/www.nebrija.com\/medios\/nebrijaglobalcampus\/wp-content\/uploads\/sites\/31\/2016\/05\/Imagen-Innova-post-Leire.jpg 420w, https:\/\/www.nebrija.com\/medios\/nebrijaglobalcampus\/wp-content\/uploads\/sites\/31\/2016\/05\/Imagen-Innova-post-Leire-240x300.jpg 240w\" sizes=\"(max-width: 420px) 100vw, 420px\" \/><\/a><\/p>\n<h5 style=\"text-align: center\">Fuente: Ponencia de Leire Nuere Salgado para Innova.<\/h5>\n<p>&nbsp;<\/p>\n<p style=\"text-align: justify\">Compart\u00eda en Innova unas lecciones de Carina Szpilka, ex CEO de ING, en 2013, que dio para el Club de Creativos en 2013 en La casita verde, cerca del campus de La Berzosa, que el secreto para diferenciarse (y la <strong>diferenciaci\u00f3n<\/strong> es parte de la innovaci\u00f3n) es el prop\u00f3sito, una <strong>filosof\u00eda <\/strong>clara que subyace y sustenta todo la construcci\u00f3n. Y que tambi\u00e9n era importante:<\/p>\n<ol style=\"text-align: justify\">\n<li>Retar el <em>status quo<\/em>. Retar al mercado y a uno mismo.<\/li>\n<li>Ser accesibles. No perder nunca el contacto con el exterior.<\/li>\n<li>Hacer las cosas con pasi\u00f3n pues esta mueve monta\u00f1as.<\/li>\n<li>Ser \u201c<em>good guys<\/em>\u201d, refiri\u00e9ndose a la \u00e9tica y a una aut\u00e9ntica vocaci\u00f3n de servicio.<\/li>\n<li>Hacer uso de la revoluci\u00f3n digital para humanizar la marca.<\/li>\n<li>Aprender a estar c\u00f3modo en lo inc\u00f3modo.<\/li>\n<\/ol>\n<p style=\"text-align: justify\">\u00bfOs suena? Traig\u00e1moslo a Global Campus Nebrija:<\/p>\n<ol style=\"text-align: justify\">\n<li>\u00bfQui\u00e9n m\u00e1s est\u00e1 apostando por la exigencia en la formaci\u00f3n a distancia, incluso apostando por una palabra que conlleva malestar solo el leerla de lo expresiva que es? (por cierto, que nuestros compa\u00f1eros de Sistemas\/Desarrollo tambi\u00e9n han aprendido a bromear con el <em>claim<\/em>). Somos una universidad joven y nos sale de forma natural retar.<\/li>\n<li>La cercan\u00eda de la que todos hacemos gala con nuestros estudiantes. Como dec\u00eda Cristina Villalonga en el video de conmemoraci\u00f3n de los 25 a\u00f1os que se proyect\u00f3 en el Teatro Cofid\u00eds, conocemos perfectamente a nuestros alumnos y alumnas.<\/li>\n<li>\u00a1Y qu\u00e9 de apasionados somos en Nebrija! Discutimos, pero en una dial\u00e9ctica enardecida por hacer las cosas bien, nos re\u00edmos con ganas. No somos personas grises. Doy fe de la alta gama crom\u00e1tica de personalidades que poblamos el imperio Nebrija.<\/li>\n<li>El que nuestros contenidos sean nuestros en todos los sentidos, con todas las de la ley, es una clara apuesta en este sentido. Compartimos conocimientos, colaboramos para hacer las cosas bien, y todo para darles el mejor servicio a nuestros alumnos.<\/li>\n<li>Las im\u00e1genes del campus virtual, los videotutoriales, los videos de los directores de programa, el uso de avatares\u2026 Esos maravillosos anuncios que envi\u00e1is tan personales, tan cercanos. Los estudiantes os\/nos quieren, y con eso se dice todo.<\/li>\n<li>\u2026 \u00bfqu\u00e9 tal este \u00faltimo a\u00f1ito en Global Campus Nebrija? \ud83d\ude09 En GCN tambi\u00e9n estamos viviendo este proceso. Hasta nos hemos hecho un mapa emocional para tratar identificar c\u00f3mo poder adaptarnos mejor y m\u00e1s r\u00e1pido y, si puede, ser, por mucho que merezca la pena, con un poquito menos de dolor \ud83d\ude00<\/li>\n<\/ol>\n<p style=\"text-align: justify\">Aunque fue una feria de invenciones eminentemente f\u00edsicas, no quise dejar pasar la ocasi\u00f3n de trasladar que la innovaci\u00f3n nace de un modelo, de una filosof\u00eda. Y lo dice una loquita de lo \u201c<em>techie<\/em>\u201d. En s\u00edntesis, hay que creer en algo, hay que ilusionarse, saber superar dificultades y adaptarse incesantemente, trabajar duro y colaborar.<\/p>\n<h5 style=\"text-align: center\">FOTO DURANTE LA PONENCIA<\/h5>\n<p style=\"text-align: center\"><a href=\"https:\/\/www.nebrija.com\/medios\/nebrijaglobalcampus\/wp-content\/uploads\/sites\/31\/2016\/05\/Leire_Innova.jpg\"><img loading=\"lazy\" decoding=\"async\" class=\"alignnone wp-image-595\" src=\"https:\/\/www.nebrija.com\/medios\/nebrijaglobalcampus\/wp-content\/uploads\/sites\/31\/2016\/05\/Leire_Innova-1024x680.jpg\" alt=\"Leire_Innova\" width=\"674\" height=\"447\" \/><\/a><\/p>\n<h5 style=\"text-align: center\">Fuente: Leire Nuere Salgado en Innova Barcelona.<\/h5>\n<p style=\"text-align: justify\">No puedo evitar cerrar este post, dado que este viaje a Barcelona me ha permitido volver a visitar ese monumento al ingenio y a la innovaci\u00f3n que fue, es y ser\u00e1, la Sagrada Familia, con unas palabras del gran maestro Antonio Gaud\u00ed.<\/p>\n<p style=\"text-align: justify\">\u201c<em>En general la gente, cuando hace una cosa, cuando esta cosa est\u00e1 ya cercana al bien, renuncia a profundizarla y se conforma con el resultado obtenido. Esto es una equivocaci\u00f3n: cuando una cosa est\u00e1 en el camino de la perfecci\u00f3n, hay que exprimirla hasta que llegue a estar bien del todo (naturalmente referido al l\u00edmite de lo que nosotros sabemos o vemos<\/em>\u201d. (PB 252-253).<\/p>\n<p style=\"text-align: justify\">M\u00e1s all\u00e1 de toda la <strong>tecnolog\u00eda educativa<\/strong> (le\u00eda el otro d\u00eda sobre el concepto \u201c<strong><em>teachnology<\/em><\/strong>\u201d), que tenemos mucha y buena, y m\u00e1s que llegar\u00e1, en Nebrija tenemos un modelo de <strong>ense\u00f1anza a distancia y semipresencial<\/strong>, una filosof\u00eda y unas firmes creencias. Y pasi\u00f3n. Pasi\u00f3n a raudales.<\/p>\n<p style=\"text-align: justify\">Nos seguir\u00e1 doliendo, pero estas innovaciones nos merecer\u00e1n, a todos, la pena.<\/p>\n<p>&nbsp;<\/p>\n<p><em><strong>Leire Nuere Salgado<\/strong><\/em><\/p>\n<p><em><strong>Global Campus Nebrija<\/strong><\/em><\/p>\n","protected":false},"excerpt":{"rendered":"<p>Innova es una feria de la innovaci\u00f3n que, hasta este a\u00f1o, se celebraba en Bruselas y que, por primera vez ha venido a Espa\u00f1a, a Barcelona concretamente. FOTO PROGRAMA Fuente: Innova Barcelona. Cuando Clara Mart\u00edn, profesora doctora del departamento de Turismo y coordinadora de los programas de postgrado de dicha \u00e1rea, me reenvi\u00f3 el correo, [&hellip;]<\/p>\n","protected":false},"author":97,"featured_media":597,"comment_status":"open","ping_status":"open","sticky":false,"template":"","format":"standard","meta":{"_monsterinsights_skip_tracking":false,"_monsterinsights_sitenote_active":false,"_monsterinsights_sitenote_note":"","_monsterinsights_sitenote_category":0,"footnotes":""},"categories":[9,1],"tags":[268,270,269,264,17,263,265,267,28,23,25,272,271,266,26],"acf":[],"yoast_head":"<!-- This site is optimized with the Yoast SEO plugin v22.1 - https:\/\/yoast.com\/wordpress\/plugins\/seo\/ -->\n<title>INNOVA\u2026 GLOBAL CAMPUS, SIN DUDA, INNOVA - Global Campus Nebrija<\/title>\n<meta name=\"robots\" content=\"index, follow, max-snippet:-1, max-image-preview:large, max-video-preview:-1\" \/>\n<link rel=\"canonical\" href=\"https:\/\/www.nebrija.com\/medios\/nebrijaglobalcampus\/2016\/05\/24\/innova-global-campus-sin-duda-innova\/\" \/>\n<meta property=\"og:locale\" content=\"es_ES\" \/>\n<meta property=\"og:type\" content=\"article\" \/>\n<meta property=\"og:title\" content=\"INNOVA\u2026 GLOBAL CAMPUS, SIN DUDA, INNOVA - Global Campus Nebrija\" \/>\n<meta property=\"og:description\" content=\"Innova es una feria de la innovaci\u00f3n que, hasta este a\u00f1o, se celebraba en Bruselas y que, por primera vez ha venido a Espa\u00f1a, a Barcelona concretamente. FOTO PROGRAMA Fuente: Innova Barcelona. Cuando Clara Mart\u00edn, profesora doctora del departamento de Turismo y coordinadora de los programas de postgrado de dicha \u00e1rea, me reenvi\u00f3 el correo, [&hellip;]\" \/>\n<meta property=\"og:url\" content=\"https:\/\/www.nebrija.com\/medios\/nebrijaglobalcampus\/2016\/05\/24\/innova-global-campus-sin-duda-innova\/\" \/>\n<meta property=\"og:site_name\" content=\"Global Campus Nebrija\" \/>\n<meta property=\"article:published_time\" content=\"2016-05-24T07:12:10+00:00\" \/>\n<meta property=\"og:image\" content=\"https:\/\/www.nebrija.com\/medios\/nebrijaglobalcampus\/wp-content\/uploads\/sites\/31\/2016\/05\/Captura-ni\u00f1o-avi\u00f3n-papel.jpg\" \/>\n\t<meta property=\"og:image:width\" content=\"1120\" \/>\n\t<meta property=\"og:image:height\" content=\"747\" \/>\n\t<meta property=\"og:image:type\" content=\"image\/jpeg\" \/>\n<meta name=\"author\" content=\"mgarcisa\" \/>\n<meta name=\"twitter:card\" content=\"summary_large_image\" \/>\n<meta name=\"twitter:label1\" content=\"Escrito por\" \/>\n\t<meta name=\"twitter:data1\" content=\"mgarcisa\" \/>\n\t<meta name=\"twitter:label2\" content=\"Tiempo de lectura\" \/>\n\t<meta name=\"twitter:data2\" content=\"8 minutos\" \/>\n<script type=\"application\/ld+json\" class=\"yoast-schema-graph\">{\"@context\":\"https:\/\/schema.org\",\"@graph\":[{\"@type\":\"WebPage\",\"@id\":\"https:\/\/www.nebrija.com\/medios\/nebrijaglobalcampus\/2016\/05\/24\/innova-global-campus-sin-duda-innova\/\",\"url\":\"https:\/\/www.nebrija.com\/medios\/nebrijaglobalcampus\/2016\/05\/24\/innova-global-campus-sin-duda-innova\/\",\"name\":\"INNOVA\u2026 GLOBAL CAMPUS, SIN DUDA, INNOVA - Global Campus Nebrija\",\"isPartOf\":{\"@id\":\"https:\/\/www.nebrija.com\/medios\/nebrijaglobalcampus\/#website\"},\"datePublished\":\"2016-05-24T07:12:10+00:00\",\"dateModified\":\"2016-05-24T07:12:10+00:00\",\"author\":{\"@id\":\"https:\/\/www.nebrija.com\/medios\/nebrijaglobalcampus\/#\/schema\/person\/0fa46cb03c7e07b210c31383337aa6ee\"},\"breadcrumb\":{\"@id\":\"https:\/\/www.nebrija.com\/medios\/nebrijaglobalcampus\/2016\/05\/24\/innova-global-campus-sin-duda-innova\/#breadcrumb\"},\"inLanguage\":\"es\",\"potentialAction\":[{\"@type\":\"ReadAction\",\"target\":[\"https:\/\/www.nebrija.com\/medios\/nebrijaglobalcampus\/2016\/05\/24\/innova-global-campus-sin-duda-innova\/\"]}]},{\"@type\":\"BreadcrumbList\",\"@id\":\"https:\/\/www.nebrija.com\/medios\/nebrijaglobalcampus\/2016\/05\/24\/innova-global-campus-sin-duda-innova\/#breadcrumb\",\"itemListElement\":[{\"@type\":\"ListItem\",\"position\":1,\"name\":\"Home\",\"item\":\"https:\/\/www.nebrija.com\/medios\/nebrijaglobalcampus\/\"},{\"@type\":\"ListItem\",\"position\":2,\"name\":\"INNOVA\u2026 GLOBAL CAMPUS, SIN DUDA, INNOVA\"}]},{\"@type\":\"WebSite\",\"@id\":\"https:\/\/www.nebrija.com\/medios\/nebrijaglobalcampus\/#website\",\"url\":\"https:\/\/www.nebrija.com\/medios\/nebrijaglobalcampus\/\",\"name\":\"Global Campus Nebrija\",\"description\":\"Profesionales capaces de hacer que merezca la pena\",\"potentialAction\":[{\"@type\":\"SearchAction\",\"target\":{\"@type\":\"EntryPoint\",\"urlTemplate\":\"https:\/\/www.nebrija.com\/medios\/nebrijaglobalcampus\/?s={search_term_string}\"},\"query-input\":\"required name=search_term_string\"}],\"inLanguage\":\"es\"},{\"@type\":\"Person\",\"@id\":\"https:\/\/www.nebrija.com\/medios\/nebrijaglobalcampus\/#\/schema\/person\/0fa46cb03c7e07b210c31383337aa6ee\",\"name\":\"mgarcisa\",\"image\":{\"@type\":\"ImageObject\",\"inLanguage\":\"es\",\"@id\":\"https:\/\/www.nebrija.com\/medios\/nebrijaglobalcampus\/#\/schema\/person\/image\/\",\"url\":\"https:\/\/secure.gravatar.com\/avatar\/03c5100e64e7f8981aa1450029b9aae2?s=96&d=mm&r=g\",\"contentUrl\":\"https:\/\/secure.gravatar.com\/avatar\/03c5100e64e7f8981aa1450029b9aae2?s=96&d=mm&r=g\",\"caption\":\"mgarcisa\"},\"url\":\"https:\/\/www.nebrija.com\/medios\/nebrijaglobalcampus\/author\/mgarcisa\/\"}]}<\/script>\n<!-- \/ Yoast SEO plugin. -->","yoast_head_json":{"title":"INNOVA\u2026 GLOBAL CAMPUS, SIN DUDA, INNOVA - Global Campus Nebrija","robots":{"index":"index","follow":"follow","max-snippet":"max-snippet:-1","max-image-preview":"max-image-preview:large","max-video-preview":"max-video-preview:-1"},"canonical":"https:\/\/www.nebrija.com\/medios\/nebrijaglobalcampus\/2016\/05\/24\/innova-global-campus-sin-duda-innova\/","og_locale":"es_ES","og_type":"article","og_title":"INNOVA\u2026 GLOBAL CAMPUS, SIN DUDA, INNOVA - Global Campus Nebrija","og_description":"Innova es una feria de la innovaci\u00f3n que, hasta este a\u00f1o, se celebraba en Bruselas y que, por primera vez ha venido a Espa\u00f1a, a Barcelona concretamente. FOTO PROGRAMA Fuente: Innova Barcelona. Cuando Clara Mart\u00edn, profesora doctora del departamento de Turismo y coordinadora de los programas de postgrado de dicha \u00e1rea, me reenvi\u00f3 el correo, [&hellip;]","og_url":"https:\/\/www.nebrija.com\/medios\/nebrijaglobalcampus\/2016\/05\/24\/innova-global-campus-sin-duda-innova\/","og_site_name":"Global Campus Nebrija","article_published_time":"2016-05-24T07:12:10+00:00","og_image":[{"width":1120,"height":747,"url":"https:\/\/www.nebrija.com\/medios\/nebrijaglobalcampus\/wp-content\/uploads\/sites\/31\/2016\/05\/Captura-ni\u00f1o-avi\u00f3n-papel.jpg","type":"image\/jpeg"}],"author":"mgarcisa","twitter_card":"summary_large_image","twitter_misc":{"Escrito por":"mgarcisa","Tiempo de lectura":"8 minutos"},"schema":{"@context":"https:\/\/schema.org","@graph":[{"@type":"WebPage","@id":"https:\/\/www.nebrija.com\/medios\/nebrijaglobalcampus\/2016\/05\/24\/innova-global-campus-sin-duda-innova\/","url":"https:\/\/www.nebrija.com\/medios\/nebrijaglobalcampus\/2016\/05\/24\/innova-global-campus-sin-duda-innova\/","name":"INNOVA\u2026 GLOBAL CAMPUS, SIN DUDA, INNOVA - Global Campus Nebrija","isPartOf":{"@id":"https:\/\/www.nebrija.com\/medios\/nebrijaglobalcampus\/#website"},"datePublished":"2016-05-24T07:12:10+00:00","dateModified":"2016-05-24T07:12:10+00:00","author":{"@id":"https:\/\/www.nebrija.com\/medios\/nebrijaglobalcampus\/#\/schema\/person\/0fa46cb03c7e07b210c31383337aa6ee"},"breadcrumb":{"@id":"https:\/\/www.nebrija.com\/medios\/nebrijaglobalcampus\/2016\/05\/24\/innova-global-campus-sin-duda-innova\/#breadcrumb"},"inLanguage":"es","potentialAction":[{"@type":"ReadAction","target":["https:\/\/www.nebrija.com\/medios\/nebrijaglobalcampus\/2016\/05\/24\/innova-global-campus-sin-duda-innova\/"]}]},{"@type":"BreadcrumbList","@id":"https:\/\/www.nebrija.com\/medios\/nebrijaglobalcampus\/2016\/05\/24\/innova-global-campus-sin-duda-innova\/#breadcrumb","itemListElement":[{"@type":"ListItem","position":1,"name":"Home","item":"https:\/\/www.nebrija.com\/medios\/nebrijaglobalcampus\/"},{"@type":"ListItem","position":2,"name":"INNOVA\u2026 GLOBAL CAMPUS, SIN DUDA, INNOVA"}]},{"@type":"WebSite","@id":"https:\/\/www.nebrija.com\/medios\/nebrijaglobalcampus\/#website","url":"https:\/\/www.nebrija.com\/medios\/nebrijaglobalcampus\/","name":"Global Campus Nebrija","description":"Profesionales capaces de hacer que merezca la pena","potentialAction":[{"@type":"SearchAction","target":{"@type":"EntryPoint","urlTemplate":"https:\/\/www.nebrija.com\/medios\/nebrijaglobalcampus\/?s={search_term_string}"},"query-input":"required name=search_term_string"}],"inLanguage":"es"},{"@type":"Person","@id":"https:\/\/www.nebrija.com\/medios\/nebrijaglobalcampus\/#\/schema\/person\/0fa46cb03c7e07b210c31383337aa6ee","name":"mgarcisa","image":{"@type":"ImageObject","inLanguage":"es","@id":"https:\/\/www.nebrija.com\/medios\/nebrijaglobalcampus\/#\/schema\/person\/image\/","url":"https:\/\/secure.gravatar.com\/avatar\/03c5100e64e7f8981aa1450029b9aae2?s=96&d=mm&r=g","contentUrl":"https:\/\/secure.gravatar.com\/avatar\/03c5100e64e7f8981aa1450029b9aae2?s=96&d=mm&r=g","caption":"mgarcisa"},"url":"https:\/\/www.nebrija.com\/medios\/nebrijaglobalcampus\/author\/mgarcisa\/"}]}},"_links":{"self":[{"href":"https:\/\/www.nebrija.com\/medios\/nebrijaglobalcampus\/wp-json\/wp\/v2\/posts\/573"}],"collection":[{"href":"https:\/\/www.nebrija.com\/medios\/nebrijaglobalcampus\/wp-json\/wp\/v2\/posts"}],"about":[{"href":"https:\/\/www.nebrija.com\/medios\/nebrijaglobalcampus\/wp-json\/wp\/v2\/types\/post"}],"author":[{"embeddable":true,"href":"https:\/\/www.nebrija.com\/medios\/nebrijaglobalcampus\/wp-json\/wp\/v2\/users\/97"}],"replies":[{"embeddable":true,"href":"https:\/\/www.nebrija.com\/medios\/nebrijaglobalcampus\/wp-json\/wp\/v2\/comments?post=573"}],"version-history":[{"count":6,"href":"https:\/\/www.nebrija.com\/medios\/nebrijaglobalcampus\/wp-json\/wp\/v2\/posts\/573\/revisions"}],"predecessor-version":[{"id":596,"href":"https:\/\/www.nebrija.com\/medios\/nebrijaglobalcampus\/wp-json\/wp\/v2\/posts\/573\/revisions\/596"}],"wp:featuredmedia":[{"embeddable":true,"href":"https:\/\/www.nebrija.com\/medios\/nebrijaglobalcampus\/wp-json\/wp\/v2\/media\/597"}],"wp:attachment":[{"href":"https:\/\/www.nebrija.com\/medios\/nebrijaglobalcampus\/wp-json\/wp\/v2\/media?parent=573"}],"wp:term":[{"taxonomy":"category","embeddable":true,"href":"https:\/\/www.nebrija.com\/medios\/nebrijaglobalcampus\/wp-json\/wp\/v2\/categories?post=573"},{"taxonomy":"post_tag","embeddable":true,"href":"https:\/\/www.nebrija.com\/medios\/nebrijaglobalcampus\/wp-json\/wp\/v2\/tags?post=573"}],"curies":[{"name":"wp","href":"https:\/\/api.w.org\/{rel}","templated":true}]}}