{"id":912,"date":"2015-09-09T09:49:00","date_gmt":"2015-09-09T07:49:00","guid":{"rendered":"http:\/\/www.nebrija.com\/medios\/residenciasnebrija\/?p=912"},"modified":"2016-01-15T14:20:33","modified_gmt":"2016-01-15T13:20:33","slug":"nos-vamos-al-parque-de-atracciones-4","status":"publish","type":"post","link":"https:\/\/www.nebrija.com\/medios\/residenciasnebrija\/2015\/09\/09\/nos-vamos-al-parque-de-atracciones-4\/","title":{"rendered":"Nos vamos al Parque de Atracciones"},"content":{"rendered":"<p class=\"x_MsoNormal\">La primera actividad de fin de semana del curso nos llevar\u00e1 hasta e<strong><span style=\"font-family: 'Calibri',sans-serif;font-weight: normal\">l<\/span><\/strong><strong><span style=\"color: #cc0000;line-height: 115%;font-family: 'Calibri',sans-serif;font-size: 16pt\">Parque de Atracciones de Madrid el pr\u00f3ximo domingo 06 de septiembre<\/span><\/strong>.<\/p>\n<p class=\"x_MsoNormal\"><strong>A los 30 primeros en apuntarse les costar\u00e1 10 \u20ac y a los siguientes, 15 \u20ac<\/strong>. Es una actividad conjunta entre Augustinus, Chamber\u00ed y Corazonistas por lo que os deber\u00e9is dar prisa en apuntaros. <strong>La fecha l\u00edmite para apuntarse es el jueves 03 de septiembre a las 12 del mediod\u00eda en las recepciones<\/strong>. En el momento de apuntarse es obligatorio efectuar el pago. Esta actividad est\u00e1 subvencionada con el presupuesto de comisiones por lo que quien se apunte y finalmente no vaya deber\u00e1 pagar la totalidad de la entrada.<\/p>\n<p class=\"x_MsoNormal\">El transporte mediante Metro es muy r\u00e1pido por lo que quedaremos a las 11.30 en las recepciones para vernos todos juntos en el Parque de Atracciones a las 12.00 de la ma\u00f1ana.<\/p>\n","protected":false},"excerpt":{"rendered":"<p>La primera actividad de fin de semana del curso nos llevar\u00e1 hasta elParque de Atracciones de Madrid el pr\u00f3ximo domingo 06 de septiembre. A los 30 primeros en apuntarse les costar\u00e1 10 \u20ac y a los siguientes, 15 \u20ac. Es una actividad conjunta entre Augustinus, Chamber\u00ed y Corazonistas por lo que os deber\u00e9is dar prisa [&hellip;]<\/p>\n","protected":false},"author":101,"featured_media":0,"comment_status":"open","ping_status":"open","sticky":false,"template":"","format":"standard","meta":{"_monsterinsights_skip_tracking":false,"_monsterinsights_sitenote_active":false,"_monsterinsights_sitenote_note":"","_monsterinsights_sitenote_category":0,"footnotes":""},"categories":[2,3,85,4],"tags":[7,94,8,9,93,11,12,36,37,39,10,45,48,57,59,60,63,64,65,73,76,77,78],"yoast_head":"<!-- This site is optimized with the Yoast SEO plugin v22.1 - https:\/\/yoast.com\/wordpress\/plugins\/seo\/ -->\n<title>Nos vamos al Parque de Atracciones - Residencias Nebrija<\/title>\n<meta name=\"robots\" content=\"index, follow, max-snippet:-1, max-image-preview:large, max-video-preview:-1\" \/>\n<link rel=\"canonical\" href=\"https:\/\/www.nebrija.com\/medios\/residenciasnebrija\/2015\/09\/09\/nos-vamos-al-parque-de-atracciones-4\/\" \/>\n<meta property=\"og:locale\" content=\"es_ES\" \/>\n<meta property=\"og:type\" content=\"article\" \/>\n<meta property=\"og:title\" content=\"Nos vamos al Parque de Atracciones - Residencias Nebrija\" \/>\n<meta property=\"og:description\" content=\"La primera actividad de fin de semana del curso nos llevar\u00e1 hasta elParque de Atracciones de Madrid el pr\u00f3ximo domingo 06 de septiembre. A los 30 primeros en apuntarse les costar\u00e1 10 \u20ac y a los siguientes, 15 \u20ac. Es una actividad conjunta entre Augustinus, Chamber\u00ed y Corazonistas por lo que os deber\u00e9is dar prisa [&hellip;]\" \/>\n<meta property=\"og:url\" content=\"https:\/\/www.nebrija.com\/medios\/residenciasnebrija\/2015\/09\/09\/nos-vamos-al-parque-de-atracciones-4\/\" \/>\n<meta property=\"og:site_name\" content=\"Residencias Nebrija\" \/>\n<meta property=\"article:published_time\" content=\"2015-09-09T07:49:00+00:00\" \/>\n<meta property=\"article:modified_time\" content=\"2016-01-15T13:20:33+00:00\" \/>\n<meta name=\"author\" content=\"mjimenpu\" \/>\n<meta name=\"twitter:card\" content=\"summary_large_image\" \/>\n<meta name=\"twitter:label1\" content=\"Escrito por\" \/>\n\t<meta name=\"twitter:data1\" content=\"mjimenpu\" \/>\n\t<meta name=\"twitter:label2\" content=\"Tiempo de lectura\" \/>\n\t<meta name=\"twitter:data2\" content=\"1 minuto\" \/>\n<script type=\"application\/ld+json\" class=\"yoast-schema-graph\">{\"@context\":\"https:\/\/schema.org\",\"@graph\":[{\"@type\":\"WebPage\",\"@id\":\"https:\/\/www.nebrija.com\/medios\/residenciasnebrija\/2015\/09\/09\/nos-vamos-al-parque-de-atracciones-4\/\",\"url\":\"https:\/\/www.nebrija.com\/medios\/residenciasnebrija\/2015\/09\/09\/nos-vamos-al-parque-de-atracciones-4\/\",\"name\":\"Nos vamos al Parque de Atracciones - Residencias Nebrija\",\"isPartOf\":{\"@id\":\"https:\/\/www.nebrija.com\/medios\/residenciasnebrija\/#website\"},\"datePublished\":\"2015-09-09T07:49:00+00:00\",\"dateModified\":\"2016-01-15T13:20:33+00:00\",\"author\":{\"@id\":\"https:\/\/www.nebrija.com\/medios\/residenciasnebrija\/#\/schema\/person\/410bef3db3a11bcd58ade1f6cbcd8474\"},\"breadcrumb\":{\"@id\":\"https:\/\/www.nebrija.com\/medios\/residenciasnebrija\/2015\/09\/09\/nos-vamos-al-parque-de-atracciones-4\/#breadcrumb\"},\"inLanguage\":\"es\",\"potentialAction\":[{\"@type\":\"ReadAction\",\"target\":[\"https:\/\/www.nebrija.com\/medios\/residenciasnebrija\/2015\/09\/09\/nos-vamos-al-parque-de-atracciones-4\/\"]}]},{\"@type\":\"BreadcrumbList\",\"@id\":\"https:\/\/www.nebrija.com\/medios\/residenciasnebrija\/2015\/09\/09\/nos-vamos-al-parque-de-atracciones-4\/#breadcrumb\",\"itemListElement\":[{\"@type\":\"ListItem\",\"position\":1,\"name\":\"Portada\",\"item\":\"https:\/\/www.nebrija.com\/medios\/residenciasnebrija\/\"},{\"@type\":\"ListItem\",\"position\":2,\"name\":\"Nos vamos al Parque de Atracciones\"}]},{\"@type\":\"WebSite\",\"@id\":\"https:\/\/www.nebrija.com\/medios\/residenciasnebrija\/#website\",\"url\":\"https:\/\/www.nebrija.com\/medios\/residenciasnebrija\/\",\"name\":\"Residencias Nebrija\",\"description\":\"Residencias Nebrija gestiona 276 plazas en Madrid para estudiantes de la Universidad Nebrija y del resto de universidades madrile\u00f1as: ICADE e ICAI, UPM, CUNEF, Carlos III, CEU, UAM, etc... Los colegios mayores de madrid y las residencias universitarias de Madrid desarrollamos una gran actividad cultural y deportiva. A trav\u00e9s de este blog podr\u00e1s conocer las actividades que realizamos en Residencias Nebrija a lo largo de todo el curso.\",\"potentialAction\":[{\"@type\":\"SearchAction\",\"target\":{\"@type\":\"EntryPoint\",\"urlTemplate\":\"https:\/\/www.nebrija.com\/medios\/residenciasnebrija\/?s={search_term_string}\"},\"query-input\":\"required name=search_term_string\"}],\"inLanguage\":\"es\"},{\"@type\":\"Person\",\"@id\":\"https:\/\/www.nebrija.com\/medios\/residenciasnebrija\/#\/schema\/person\/410bef3db3a11bcd58ade1f6cbcd8474\",\"name\":\"mjimenpu\",\"image\":{\"@type\":\"ImageObject\",\"inLanguage\":\"es\",\"@id\":\"https:\/\/www.nebrija.com\/medios\/residenciasnebrija\/#\/schema\/person\/image\/\",\"url\":\"https:\/\/secure.gravatar.com\/avatar\/89f97ec1f831416f0a10b40b4e96015d?s=96&d=mm&r=g\",\"contentUrl\":\"https:\/\/secure.gravatar.com\/avatar\/89f97ec1f831416f0a10b40b4e96015d?s=96&d=mm&r=g\",\"caption\":\"mjimenpu\"},\"url\":\"https:\/\/www.nebrija.com\/medios\/residenciasnebrija\/author\/mjimenpu\/\"}]}<\/script>\n<!-- \/ Yoast SEO plugin. -->","yoast_head_json":{"title":"Nos vamos al Parque de Atracciones - Residencias Nebrija","robots":{"index":"index","follow":"follow","max-snippet":"max-snippet:-1","max-image-preview":"max-image-preview:large","max-video-preview":"max-video-preview:-1"},"canonical":"https:\/\/www.nebrija.com\/medios\/residenciasnebrija\/2015\/09\/09\/nos-vamos-al-parque-de-atracciones-4\/","og_locale":"es_ES","og_type":"article","og_title":"Nos vamos al Parque de Atracciones - Residencias Nebrija","og_description":"La primera actividad de fin de semana del curso nos llevar\u00e1 hasta elParque de Atracciones de Madrid el pr\u00f3ximo domingo 06 de septiembre. A los 30 primeros en apuntarse les costar\u00e1 10 \u20ac y a los siguientes, 15 \u20ac. Es una actividad conjunta entre Augustinus, Chamber\u00ed y Corazonistas por lo que os deber\u00e9is dar prisa [&hellip;]","og_url":"https:\/\/www.nebrija.com\/medios\/residenciasnebrija\/2015\/09\/09\/nos-vamos-al-parque-de-atracciones-4\/","og_site_name":"Residencias Nebrija","article_published_time":"2015-09-09T07:49:00+00:00","article_modified_time":"2016-01-15T13:20:33+00:00","author":"mjimenpu","twitter_card":"summary_large_image","twitter_misc":{"Escrito por":"mjimenpu","Tiempo de lectura":"1 minuto"},"schema":{"@context":"https:\/\/schema.org","@graph":[{"@type":"WebPage","@id":"https:\/\/www.nebrija.com\/medios\/residenciasnebrija\/2015\/09\/09\/nos-vamos-al-parque-de-atracciones-4\/","url":"https:\/\/www.nebrija.com\/medios\/residenciasnebrija\/2015\/09\/09\/nos-vamos-al-parque-de-atracciones-4\/","name":"Nos vamos al Parque de Atracciones - Residencias Nebrija","isPartOf":{"@id":"https:\/\/www.nebrija.com\/medios\/residenciasnebrija\/#website"},"datePublished":"2015-09-09T07:49:00+00:00","dateModified":"2016-01-15T13:20:33+00:00","author":{"@id":"https:\/\/www.nebrija.com\/medios\/residenciasnebrija\/#\/schema\/person\/410bef3db3a11bcd58ade1f6cbcd8474"},"breadcrumb":{"@id":"https:\/\/www.nebrija.com\/medios\/residenciasnebrija\/2015\/09\/09\/nos-vamos-al-parque-de-atracciones-4\/#breadcrumb"},"inLanguage":"es","potentialAction":[{"@type":"ReadAction","target":["https:\/\/www.nebrija.com\/medios\/residenciasnebrija\/2015\/09\/09\/nos-vamos-al-parque-de-atracciones-4\/"]}]},{"@type":"BreadcrumbList","@id":"https:\/\/www.nebrija.com\/medios\/residenciasnebrija\/2015\/09\/09\/nos-vamos-al-parque-de-atracciones-4\/#breadcrumb","itemListElement":[{"@type":"ListItem","position":1,"name":"Portada","item":"https:\/\/www.nebrija.com\/medios\/residenciasnebrija\/"},{"@type":"ListItem","position":2,"name":"Nos vamos al Parque de Atracciones"}]},{"@type":"WebSite","@id":"https:\/\/www.nebrija.com\/medios\/residenciasnebrija\/#website","url":"https:\/\/www.nebrija.com\/medios\/residenciasnebrija\/","name":"Residencias Nebrija","description":"Residencias Nebrija gestiona 276 plazas en Madrid para estudiantes de la Universidad Nebrija y del resto de universidades madrile\u00f1as: ICADE e ICAI, UPM, CUNEF, Carlos III, CEU, UAM, etc... Los colegios mayores de madrid y las residencias universitarias de Madrid desarrollamos una gran actividad cultural y deportiva. A trav\u00e9s de este blog podr\u00e1s conocer las actividades que realizamos en Residencias Nebrija a lo largo de todo el curso.","potentialAction":[{"@type":"SearchAction","target":{"@type":"EntryPoint","urlTemplate":"https:\/\/www.nebrija.com\/medios\/residenciasnebrija\/?s={search_term_string}"},"query-input":"required name=search_term_string"}],"inLanguage":"es"},{"@type":"Person","@id":"https:\/\/www.nebrija.com\/medios\/residenciasnebrija\/#\/schema\/person\/410bef3db3a11bcd58ade1f6cbcd8474","name":"mjimenpu","image":{"@type":"ImageObject","inLanguage":"es","@id":"https:\/\/www.nebrija.com\/medios\/residenciasnebrija\/#\/schema\/person\/image\/","url":"https:\/\/secure.gravatar.com\/avatar\/89f97ec1f831416f0a10b40b4e96015d?s=96&d=mm&r=g","contentUrl":"https:\/\/secure.gravatar.com\/avatar\/89f97ec1f831416f0a10b40b4e96015d?s=96&d=mm&r=g","caption":"mjimenpu"},"url":"https:\/\/www.nebrija.com\/medios\/residenciasnebrija\/author\/mjimenpu\/"}]}},"_links":{"self":[{"href":"https:\/\/www.nebrija.com\/medios\/residenciasnebrija\/wp-json\/wp\/v2\/posts\/912"}],"collection":[{"href":"https:\/\/www.nebrija.com\/medios\/residenciasnebrija\/wp-json\/wp\/v2\/posts"}],"about":[{"href":"https:\/\/www.nebrija.com\/medios\/residenciasnebrija\/wp-json\/wp\/v2\/types\/post"}],"author":[{"embeddable":true,"href":"https:\/\/www.nebrija.com\/medios\/residenciasnebrija\/wp-json\/wp\/v2\/users\/101"}],"replies":[{"embeddable":true,"href":"https:\/\/www.nebrija.com\/medios\/residenciasnebrija\/wp-json\/wp\/v2\/comments?post=912"}],"version-history":[{"count":1,"href":"https:\/\/www.nebrija.com\/medios\/residenciasnebrija\/wp-json\/wp\/v2\/posts\/912\/revisions"}],"predecessor-version":[{"id":913,"href":"https:\/\/www.nebrija.com\/medios\/residenciasnebrija\/wp-json\/wp\/v2\/posts\/912\/revisions\/913"}],"wp:attachment":[{"href":"https:\/\/www.nebrija.com\/medios\/residenciasnebrija\/wp-json\/wp\/v2\/media?parent=912"}],"wp:term":[{"taxonomy":"category","embeddable":true,"href":"https:\/\/www.nebrija.com\/medios\/residenciasnebrija\/wp-json\/wp\/v2\/categories?post=912"},{"taxonomy":"post_tag","embeddable":true,"href":"https:\/\/www.nebrija.com\/medios\/residenciasnebrija\/wp-json\/wp\/v2\/tags?post=912"}],"curies":[{"name":"wp","href":"https:\/\/api.w.org\/{rel}","templated":true}]}}